{"id":857,"date":"2018-08-21T12:00:14","date_gmt":"2018-08-21T15:00:14","guid":{"rendered":"https:\/\/www.ufsm.br\/reitoria\/gabinete-do-reitor\/guiaeventos\/?p=857"},"modified":"2018-08-27T14:16:23","modified_gmt":"2018-08-27T17:16:23","slug":"reitor-tem-reuniao-com-ministro-da-educacao","status":"publish","type":"post","link":"https:\/\/www.ufsm.br\/comunicacao\/guiaeventos\/2018\/08\/21\/reitor-tem-reuniao-com-ministro-da-educacao","title":{"rendered":"Reitor tem reuni\u00e3o com Ministro da Educa\u00e7\u00e3o"},"content":{"rendered":"<p>Nesta ter\u00e7a-feira, 21, o reitor da UFSM, Paulo Afonso Burmann, foi recebido em Bras\u00edlia pelo ministro da Educa\u00e7\u00e3o, Rossieli Soares da Silva. Na pauta do encontro estiveram a busca por recursos or\u00e7ament\u00e1rios, novas vagas de servidores e recursos para a assist\u00eancia estudantil da institui\u00e7\u00e3o. O reitor tamb\u00e9m reiterou o convite ao ministro para visitar a UFSM e inaugurar obras nos campus Sede e no campus Cachoeira do Sul.<\/p>\n<p>A principal reivindica\u00e7\u00e3o apresentada pela Universidade foi a libera\u00e7\u00e3o emergencial do recurso ainda retido no MEC atrav\u00e9s de cinco Termos de Execu\u00e7\u00e3o Descentralizada (TEDs), perfazendo um total de R$ 8.700.000,00 de investimentos em capital, a ser direcionado para obras em todos os campi da UFSM (Sede, Cachoeira do Sul, Palmeira das Miss\u00f5es e Frederico Westphalen).<\/p>\n<p>Na reuni\u00e3o, o ministro se comprometeu em apoiar as demandas e buscar solu\u00e7\u00f5es para resolver, at\u00e9 o final de outubro, a situa\u00e7\u00e3o do campus de Cachoeira e dos laborat\u00f3rios dos cursos de Engenharia Aeroespacial e Engenharia de Telecomunica\u00e7\u00f5es. Ao final deixou uma palavra de tranquilidade e solicitou aos seus assessores aten\u00e7\u00e3o especial definida como prioridade. Frisou que vem fazendo pleitos intensos junto ao Minist\u00e9rio do Planejamento, Desenvolvimento e Gest\u00e3o (MPOG) para recompor o or\u00e7amento do Minist\u00e9rio da Educa\u00e7\u00e3o (MEC) para atender as demandas do sistema.<\/p>\n<p>Tamb\u00e9m participou da reuni\u00e3o o coordenador da Coordena\u00e7\u00e3o-Geral de Planejamento e Or\u00e7amento das Institui\u00e7\u00f5es Federais de Ensino, Weber Gomes de Souza. Na ocasi\u00e3o, o ministro Rossieli solicitou a Souza que viabilizasse junto \u00e0 Secretaria de Educa\u00e7\u00e3o Profissional e Tecnol\u00f3gica do MEC a libera\u00e7\u00e3o do saldo de recursos referentes \u00e0 migra\u00e7\u00e3o do Col\u00e9gio Agr\u00edcola de Frederico Westphalen para o Instituto Federal Farroupilha<\/p>\n","protected":false},"excerpt":{"rendered":"<p>Nesta ter\u00e7a-feira, 21, o reitor da UFSM, Paulo Afonso Burmann, foi recebido em Bras\u00edlia pelo ministro da Educa\u00e7\u00e3o, Rossieli Soares da Silva. Na pauta do encontro estiveram a busca por recursos or\u00e7ament\u00e1rios, novas vagas de servidores e recursos para a assist\u00eancia estudantil da institui\u00e7\u00e3o. O reitor tamb\u00e9m reiterou o convite ao ministro para visitar a [&hellip;]<\/p>\n","protected":false},"author":111,"featured_media":0,"comment_status":"closed","ping_status":"closed","sticky":false,"template":"","format":"standard","meta":{"footnotes":""},"categories":[1],"tags":[],"class_list":["post-857","post","type-post","status-publish","format-standard","hentry","category-noticias"],"acf":[],"_links":{"self":[{"href":"https:\/\/www.ufsm.br\/comunicacao\/guiaeventos\/wp-json\/wp\/v2\/posts\/857","targetHints":{"allow":["GET"]}}],"collection":[{"href":"https:\/\/www.ufsm.br\/comunicacao\/guiaeventos\/wp-json\/wp\/v2\/posts"}],"about":[{"href":"https:\/\/www.ufsm.br\/comunicacao\/guiaeventos\/wp-json\/wp\/v2\/types\/post"}],"author":[{"embeddable":true,"href":"https:\/\/www.ufsm.br\/comunicacao\/guiaeventos\/wp-json\/wp\/v2\/users\/111"}],"replies":[{"embeddable":true,"href":"https:\/\/www.ufsm.br\/comunicacao\/guiaeventos\/wp-json\/wp\/v2\/comments?post=857"}],"version-history":[{"count":0,"href":"https:\/\/www.ufsm.br\/comunicacao\/guiaeventos\/wp-json\/wp\/v2\/posts\/857\/revisions"}],"wp:attachment":[{"href":"https:\/\/www.ufsm.br\/comunicacao\/guiaeventos\/wp-json\/wp\/v2\/media?parent=857"}],"wp:term":[{"taxonomy":"category","embeddable":true,"href":"https:\/\/www.ufsm.br\/comunicacao\/guiaeventos\/wp-json\/wp\/v2\/categories?post=857"},{"taxonomy":"post_tag","embeddable":true,"href":"https:\/\/www.ufsm.br\/comunicacao\/guiaeventos\/wp-json\/wp\/v2\/tags?post=857"}],"curies":[{"name":"wp","href":"https:\/\/api.w.org\/{rel}","templated":true}]}}