{"id":73,"date":"2023-09-13T09:44:44","date_gmt":"2023-09-13T12:44:44","guid":{"rendered":"https:\/\/www.ufsm.br\/comunicacao\/?p=73"},"modified":"2026-01-29T10:36:33","modified_gmt":"2026-01-29T13:36:33","slug":"nossa-ufsm","status":"publish","type":"post","link":"https:\/\/www.ufsm.br\/comunicacao\/2023\/09\/13\/nossa-ufsm","title":{"rendered":"Nossa UFSM\u200b"},"content":{"rendered":"\n<p><strong>Descri\u00e7\u00e3o:<\/strong>Tanto as unidades&nbsp;de&nbsp;ensino, quanto as outras estruturas organizacionais acabam tendo a necessidade&nbsp;de&nbsp;promover a\u00e7\u00f5es para o cuidado do patrim\u00f4nio p\u00fablico. A&nbsp;campanha&nbsp;<strong>Nossa&nbsp;UFSM<\/strong>&nbsp;surge para atender as demandas&nbsp;de&nbsp;comunica\u00e7\u00e3o dessa natureza. Por isso, o cuidado do espa\u00e7o das salas&nbsp;de&nbsp;aula, corredores, o uso consistente&nbsp;de&nbsp;\u00e1gua, ar-condicionado, luz e os cuidados com m\u00f3veis e livros s\u00e3o fundamentais para todos. A sugest\u00e3o \u00e9&nbsp;de&nbsp;divulga\u00e7\u00e3o no in\u00edcio do semestre letivo, por\u00e9m, j\u00e1 enviamos a&nbsp;campanha&nbsp;aqui para que a conhe\u00e7am e prepararem cartazes e materiais gr\u00e1ficos para ambientar as unidades na volta \u00e0s aulas. Temos diversos modelos&nbsp;de&nbsp;cartazes para serem utilizados. Cada unidade pode baixar aqueles que contemplem suas necessidades. Caso exista a necessidade&nbsp;de&nbsp;outro cartaz que n\u00e3o tenha sido pensado, a Unidade&nbsp;de&nbsp;Comunica\u00e7\u00e3o Integrada est\u00e1 dispon\u00edvel para o desenvolvimento&nbsp;da&nbsp;arte. Assim que pronta, a arte do novo material poder\u00e1 ser utilizada por todos os setores.<\/p>\n\n\n\n<p>#NossaUFSM<\/p>\n\n\n\n<p>#CuidandoDaUFSM<\/p>\n\n\n\n<p><strong>Material Gr\u00e1fico nossa ufsm:\u00a0<\/strong><a href=\"https:\/\/drive.google.com\/drive\/folders\/1T1nWkKCyPVHpYofXr7PTeUyhw-_uzWI6?usp=sharing\">https:\/\/drive.google.com\/drive\/folders\/1T1nWkKCyPVHpYofXr7PTeUyhw-_uzWI6?usp=sharing<\/a><\/p>\n","protected":false},"excerpt":{"rendered":"<p>Descri\u00e7\u00e3o:Tanto as unidades&nbsp;de&nbsp;ensino, quanto as outras estruturas organizacionais acabam tendo a necessidade&nbsp;de&nbsp;promover a\u00e7\u00f5es para o cuidado do patrim\u00f4nio p\u00fablico. A&nbsp;campanha&nbsp;Nossa&nbsp;UFSM&nbsp;surge para atender as demandas&nbsp;de&nbsp;comunica\u00e7\u00e3o dessa natureza. Por isso, o cuidado do espa\u00e7o das salas&nbsp;de&nbsp;aula, corredores, o uso consistente&nbsp;de&nbsp;\u00e1gua, ar-condicionado, luz e os cuidados com m\u00f3veis e livros s\u00e3o fundamentais para todos. A sugest\u00e3o \u00e9&nbsp;de&nbsp;divulga\u00e7\u00e3o no [&hellip;]<\/p>\n","protected":false},"author":273,"featured_media":140,"comment_status":"closed","ping_status":"closed","sticky":false,"template":"","format":"standard","meta":{"footnotes":""},"categories":[92],"tags":[],"class_list":["post-73","post","type-post","status-publish","format-standard","has-post-thumbnail","hentry","category-campanhas"],"acf":[],"_links":{"self":[{"href":"https:\/\/www.ufsm.br\/comunicacao\/wp-json\/wp\/v2\/posts\/73","targetHints":{"allow":["GET"]}}],"collection":[{"href":"https:\/\/www.ufsm.br\/comunicacao\/wp-json\/wp\/v2\/posts"}],"about":[{"href":"https:\/\/www.ufsm.br\/comunicacao\/wp-json\/wp\/v2\/types\/post"}],"author":[{"embeddable":true,"href":"https:\/\/www.ufsm.br\/comunicacao\/wp-json\/wp\/v2\/users\/273"}],"replies":[{"embeddable":true,"href":"https:\/\/www.ufsm.br\/comunicacao\/wp-json\/wp\/v2\/comments?post=73"}],"version-history":[{"count":0,"href":"https:\/\/www.ufsm.br\/comunicacao\/wp-json\/wp\/v2\/posts\/73\/revisions"}],"wp:featuredmedia":[{"embeddable":true,"href":"https:\/\/www.ufsm.br\/comunicacao\/wp-json\/wp\/v2\/media\/140"}],"wp:attachment":[{"href":"https:\/\/www.ufsm.br\/comunicacao\/wp-json\/wp\/v2\/media?parent=73"}],"wp:term":[{"taxonomy":"category","embeddable":true,"href":"https:\/\/www.ufsm.br\/comunicacao\/wp-json\/wp\/v2\/categories?post=73"},{"taxonomy":"post_tag","embeddable":true,"href":"https:\/\/www.ufsm.br\/comunicacao\/wp-json\/wp\/v2\/tags?post=73"}],"curies":[{"name":"wp","href":"https:\/\/api.w.org\/{rel}","templated":true}]}}