{"id":294,"date":"2020-11-12T16:07:03","date_gmt":"2020-11-12T19:07:03","guid":{"rendered":"https:\/\/www.ufsm.br\/cursos\/graduacao\/frederico-westphalen\/relacoes-publicas\/?p=294"},"modified":"2024-04-04T15:43:52","modified_gmt":"2024-04-04T18:43:52","slug":"programa-de-extensao-mao-na-midia-promove-o-i-encontro-de-praticas-e-pesquisas-comunicacionais-antirracistas","status":"publish","type":"post","link":"https:\/\/www.ufsm.br\/cursos\/graduacao\/frederico-westphalen\/relacoes-publicas\/2020\/11\/12\/programa-de-extensao-mao-na-midia-promove-o-i-encontro-de-praticas-e-pesquisas-comunicacionais-antirracistas","title":{"rendered":"Programa de Extens\u00e3o M\u00e3o na M\u00eddia promove o I Encontro de Pr\u00e1ticas e Pesquisas Comunicacionais Antirracistas"},"content":{"rendered":"\n<p><span style=\"font-weight: 400\">Est\u00e1 sendo realizada, entre os dias 10 e 13 de novembro, a primeira edi\u00e7\u00e3o do Encontro de Pr\u00e1ticas e Pesquisas Comunicacionais Antirracistas, promovido pelo programa de extens\u00e3o M\u00e3o na M\u00eddia, da Universidade Federal de Santa Maria, junto ao Departamento de Ci\u00eancias da Comunica\u00e7\u00e3o do campus de Frederico Westphalen (DECOM-FW), em uma a\u00e7\u00e3o conjunta com a Universidade Luterana do Brasil (ULBRA), o Grupo de Pesquisa CriaNegra da Unipampa, campus Jaguar\u00e3o e o Projeto de Extens\u00e3o Afetos &#8211; di\u00e1logos e comunica\u00e7\u00e3o para cidadania, do Departamento de Jornalismo da Universidade Federal de Santa Catarina (UFSC).<\/span><\/p>\n<p><span style=\"font-weight: 400\">O evento est\u00e1 contextualizado na express\u00e3o do racismo em nossa sociedade a partir das pr\u00e1ticas comunicacionais ainda muito atreladas ao racismo estrutural. Os promotores do evento entendem que o combate ao racismo precisa ser apropriado por estudantes de comunica\u00e7\u00e3o e pela popula\u00e7\u00e3o em geral como uma quest\u00e3o moral.<\/span><\/p>\n<p><span style=\"font-weight: 400\">As pautas do evento abordam discuss\u00f5es sobre Branquitude e Jornalismo, Movimentos Negros nas Redes Sociais, Arte e Cinema Negros, bem como quest\u00f5es que permeiam o ingresso e a perman\u00eancia de estudantes negros(as) nas universidades brasileiras.<\/span><\/p>\n<p><span style=\"font-weight: 400\">O I Encontro de Pr\u00e1ticas e Pesquisas Comunicacionais Antirracistas ocorre at\u00e9 o dia 13 de novembro, em dois hor\u00e1rios por dia, \u00e0s 17h e \u00e0s 19h, pelo canal do youtube da Ag\u00eancia \u00cdntegra (https:\/\/www.youtube.com\/channel\/UC7wi6w_zbspeC1GGB2RZo8Q). Vale lembrar que o evento vale certificados de Atividades Complementares de Gradua\u00e7\u00e3o (ACG).<\/span><\/p>\n\n\n\n<figure class=\"wp-block-gallery columns-0 is-cropped wp-block-gallery-1 is-layout-flex wp-block-gallery-is-layout-flex\"><ul class=\"blocks-gallery-grid\"><\/ul><\/figure>\n\n\n<ul class=\"wp-block-categories-list wp-block-categories-taxonomy-category wp-block-categories\">\t<li class=\"cat-item cat-item-132\"><a href=\"https:\/\/www.ufsm.br\/cursos\/graduacao\/frederico-westphalen\/relacoes-publicas\/category\/agencia-integra\">Ag\u00eancia \u00cdntegra<\/a>\n<\/li>\n\t<li class=\"cat-item cat-item-44\"><a href=\"https:\/\/www.ufsm.br\/cursos\/graduacao\/frederico-westphalen\/relacoes-publicas\/category\/banner\">Banner<\/a>\n<\/li>\n\t<li class=\"cat-item cat-item-89\"><a href=\"https:\/\/www.ufsm.br\/cursos\/graduacao\/frederico-westphalen\/relacoes-publicas\/category\/colegiados-e-comissoes\">Colegiados e Comiss\u00f5es<\/a>\n<\/li>\n\t<li class=\"cat-item cat-item-68\"><a href=\"https:\/\/www.ufsm.br\/cursos\/graduacao\/frederico-westphalen\/relacoes-publicas\/category\/noticias\/desinformacao\">Desinforma\u00e7\u00e3o<\/a>\n<\/li>\n\t<li class=\"cat-item cat-item-9\"><a href=\"https:\/\/www.ufsm.br\/cursos\/graduacao\/frederico-westphalen\/relacoes-publicas\/category\/noticias\/destaques\">Destaques<\/a>\n<\/li>\n\t<li class=\"cat-item cat-item-93\"><a href=\"https:\/\/www.ufsm.br\/cursos\/graduacao\/frederico-westphalen\/relacoes-publicas\/category\/destaques-2\">Destaques<\/a>\n<\/li>\n\t<li class=\"cat-item cat-item-92\"><a href=\"https:\/\/www.ufsm.br\/cursos\/graduacao\/frederico-westphalen\/relacoes-publicas\/category\/eventos\">Eventos<\/a>\n<\/li>\n\t<li class=\"cat-item cat-item-109\"><a href=\"https:\/\/www.ufsm.br\/cursos\/graduacao\/frederico-westphalen\/relacoes-publicas\/category\/fotografia\">Fotografia<\/a>\n<\/li>\n\t<li class=\"cat-item cat-item-2\"><a href=\"https:\/\/www.ufsm.br\/cursos\/graduacao\/frederico-westphalen\/relacoes-publicas\/category\/noticias\">Not\u00edcias<\/a>\n<\/li>\n\t<li class=\"cat-item cat-item-76\"><a href=\"https:\/\/www.ufsm.br\/cursos\/graduacao\/frederico-westphalen\/relacoes-publicas\/category\/obcc\">Observat\u00f3rio de Comunica\u00e7\u00e3o de Crise<\/a>\n<\/li>\n\t<li class=\"cat-item cat-item-112\"><a href=\"https:\/\/www.ufsm.br\/cursos\/graduacao\/frederico-westphalen\/relacoes-publicas\/category\/projeto\">Projeto<\/a>\n<\/li>\n\t<li class=\"cat-item cat-item-96\"><a href=\"https:\/\/www.ufsm.br\/cursos\/graduacao\/frederico-westphalen\/relacoes-publicas\/category\/relacoes-publicas\">Rela\u00e7\u00f5es P\u00fablicas<\/a>\n<\/li>\n\t<li class=\"cat-item cat-item-1\"><a href=\"https:\/\/www.ufsm.br\/cursos\/graduacao\/frederico-westphalen\/relacoes-publicas\/category\/sem-categoria\">Sem categoria<\/a>\n<\/li>\n<\/ul>","protected":false},"excerpt":{"rendered":"<p>Est\u00e1 sendo realizada, entre os dias 10 e 13 de novembro, a primeira edi\u00e7\u00e3o do Encontro de Pr\u00e1ticas e Pesquisas Comunicacionais Antirracistas, promovido pelo programa de extens\u00e3o M\u00e3o na M\u00eddia, da Universidade Federal de Santa Maria, junto ao Departamento de Ci\u00eancias da Comunica\u00e7\u00e3o do campus de Frederico Westphalen (DECOM-FW), em uma a\u00e7\u00e3o conjunta com a [&hellip;]<\/p>\n","protected":false},"author":3563,"featured_media":0,"comment_status":"closed","ping_status":"closed","sticky":false,"template":"","format":"standard","meta":{"footnotes":""},"categories":[9,2],"tags":[],"class_list":["post-294","post","type-post","status-publish","format-standard","hentry","category-destaques","category-noticias"],"acf":[],"_links":{"self":[{"href":"https:\/\/www.ufsm.br\/cursos\/graduacao\/frederico-westphalen\/relacoes-publicas\/wp-json\/wp\/v2\/posts\/294","targetHints":{"allow":["GET"]}}],"collection":[{"href":"https:\/\/www.ufsm.br\/cursos\/graduacao\/frederico-westphalen\/relacoes-publicas\/wp-json\/wp\/v2\/posts"}],"about":[{"href":"https:\/\/www.ufsm.br\/cursos\/graduacao\/frederico-westphalen\/relacoes-publicas\/wp-json\/wp\/v2\/types\/post"}],"author":[{"embeddable":true,"href":"https:\/\/www.ufsm.br\/cursos\/graduacao\/frederico-westphalen\/relacoes-publicas\/wp-json\/wp\/v2\/users\/3563"}],"replies":[{"embeddable":true,"href":"https:\/\/www.ufsm.br\/cursos\/graduacao\/frederico-westphalen\/relacoes-publicas\/wp-json\/wp\/v2\/comments?post=294"}],"version-history":[{"count":0,"href":"https:\/\/www.ufsm.br\/cursos\/graduacao\/frederico-westphalen\/relacoes-publicas\/wp-json\/wp\/v2\/posts\/294\/revisions"}],"wp:attachment":[{"href":"https:\/\/www.ufsm.br\/cursos\/graduacao\/frederico-westphalen\/relacoes-publicas\/wp-json\/wp\/v2\/media?parent=294"}],"wp:term":[{"taxonomy":"category","embeddable":true,"href":"https:\/\/www.ufsm.br\/cursos\/graduacao\/frederico-westphalen\/relacoes-publicas\/wp-json\/wp\/v2\/categories?post=294"},{"taxonomy":"post_tag","embeddable":true,"href":"https:\/\/www.ufsm.br\/cursos\/graduacao\/frederico-westphalen\/relacoes-publicas\/wp-json\/wp\/v2\/tags?post=294"}],"curies":[{"name":"wp","href":"https:\/\/api.w.org\/{rel}","templated":true}]}}