{"id":1414,"date":"2026-08-27T16:34:55","date_gmt":"2026-08-27T19:34:55","guid":{"rendered":"https:\/\/www.ufsm.br\/cursos\/graduacao\/palmeira-das-missoes\/administracao\/?p=1414"},"modified":"2026-08-27T16:42:51","modified_gmt":"2026-08-27T19:42:51","slug":"ufsm-pm-realiza-semana-especial-de-acolhimento-aos-calouros-de-administracao-noturno","status":"publish","type":"post","link":"https:\/\/www.ufsm.br\/cursos\/graduacao\/palmeira-das-missoes\/administracao\/2026\/08\/27\/ufsm-pm-realiza-semana-especial-de-acolhimento-aos-calouros-de-administracao-noturno","title":{"rendered":"UFSM-PM realiza semana especial de acolhimento aos calouros de Administra\u00e7\u00e3o Noturno"},"content":{"rendered":"\n<p class=\"wp-block-paragraph\">O in\u00edcio do segundo semestre letivo de 2026 foi marcado por uma s\u00e9rie de atividades de integra\u00e7\u00e3o e boas-vindas aos novos acad\u00eamicos do curso de Administra\u00e7\u00e3o Noturno da Universidade Federal de Santa Maria, campus Palmeira das Miss\u00f5es (UFSM-PM). A programa\u00e7\u00e3o especial combinou apresenta\u00e7\u00f5es acad\u00eamicas, di\u00e1logo com lideran\u00e7as institucionais e momentos de integra\u00e7\u00e3o estudantil.<\/p>\n\n\n\n<p class=\"wp-block-paragraph\">As atividades come\u00e7aram no dia 3 de agosto com a recep\u00e7\u00e3o direta dos ingressantes, seguida de uma conversa com os representantes do Diret\u00f3rio Acad\u00eamico (DA), promovendo a primeira aproxima\u00e7\u00e3o dos calouros com o ambiente universit\u00e1rio.<\/p>\n\n\n\n<p class=\"wp-block-paragraph\">No dia 4 de agosto, o Audit\u00f3rio do campus sediou a cerim\u00f4nia oficial de acolhimento, reunindo a dire\u00e7\u00e3o do campus, representada pelo diretor Adriano Lago e pela vice-diretora Luciana Christofari, a coordenadora do curso de Administra\u00e7\u00e3o Noturno, professora Ta\u00edse Mattei, a chefe substituta do Departamento de Administra\u00e7\u00e3o, professora Paloma de Mattos Fagundes, al\u00e9m de docentes, servidores t\u00e9cnico-administrativos e veteranos.<\/p>\n\n\n\n<p class=\"wp-block-paragraph\">Durante a solenidade, a professora Ta\u00edse Mattei destacou a import\u00e2ncia de aproveitar a estrutura e as oportunidades oferecidas pela universidade ao longo da gradua\u00e7\u00e3o. Ao longo da semana, os novos estudantes tamb\u00e9m conheceram as entidades que comp\u00f5em a vida acad\u00eamica e profissional do curso:<\/p>\n\n\n\n<ul class=\"wp-block-list\">\n<li><strong>Vis\u00e3o J\u00fanior:<\/strong>\u00a0A Empresa J\u00fanior dos cursos de Administra\u00e7\u00e3o e Ci\u00eancias Econ\u00f4micas apresentou seus projetos, \u00e1reas de atua\u00e7\u00e3o e formas de inser\u00e7\u00e3o dos novos estudantes no mercado de consultoria empresarial.<\/li>\n\n\n\n<li><strong>Presen\u00e7a da Reitoria:<\/strong>\u00a0Na sexta-feira (7), a reitora da UFSM, professora Martha Adaime, participou da Recep\u00e7\u00e3o Estudantil, refor\u00e7ando o papel da forma\u00e7\u00e3o de ensino superior p\u00fablica e o compromisso institucional com a comunidade acad\u00eamica.<\/li>\n\n\n\n<li><strong>Associa\u00e7\u00e3o Atl\u00e9tica Matilha:<\/strong>\u00a0Encerrando a semana de recep\u00e7\u00e3o, a atl\u00e9tica organizou momentos de lazer com um campeonato de truco e uma galinhada de confraterniza\u00e7\u00e3o entre calouros, veteranos e servidores.<\/li>\n<\/ul>\n\n\n\n<p class=\"wp-block-paragraph\">A coordena\u00e7\u00e3o do curso de Administra\u00e7\u00e3o Noturno reitera as boas-vindas a todos os ingressantes e deseja um semestre produtivo e de muito aprendizado.<\/p>\n\n\n\n<figure class=\"wp-block-gallery has-nested-images columns-default is-cropped wp-block-gallery-1 is-layout-flex wp-block-gallery-is-layout-flex\">\n<figure class=\"wp-block-image size-large\"><img fetchpriority=\"high\" decoding=\"async\" width=\"1024\" height=\"512\" data-id=\"1415\" src=\"https:\/\/www.ufsm.br\/app\/uploads\/sites\/215\/2026\/08\/IMG-20260808-WA0023-1024x512.jpg\" alt=\"\" class=\"wp-image-1415\" srcset=\"https:\/\/www.ufsm.br\/app\/uploads\/sites\/215\/2026\/08\/IMG-20260808-WA0023-1024x512.jpg 1024w, https:\/\/www.ufsm.br\/app\/uploads\/sites\/215\/2026\/08\/IMG-20260808-WA0023-300x150.jpg 300w, https:\/\/www.ufsm.br\/app\/uploads\/sites\/215\/2026\/08\/IMG-20260808-WA0023-768x384.jpg 768w, https:\/\/www.ufsm.br\/app\/uploads\/sites\/215\/2026\/08\/IMG-20260808-WA0023.jpg 1060w\" sizes=\"(max-width: 1024px) 100vw, 1024px\" \/><\/figure>\n\n\n\n<figure class=\"wp-block-image size-large\"><img decoding=\"async\" width=\"1024\" height=\"512\" data-id=\"1416\" src=\"https:\/\/www.ufsm.br\/app\/uploads\/sites\/215\/2026\/08\/20260803_204019-1024x512.jpg\" alt=\"\" class=\"wp-image-1416\" srcset=\"https:\/\/www.ufsm.br\/app\/uploads\/sites\/215\/2026\/08\/20260803_204019-1024x512.jpg 1024w, https:\/\/www.ufsm.br\/app\/uploads\/sites\/215\/2026\/08\/20260803_204019-300x150.jpg 300w, https:\/\/www.ufsm.br\/app\/uploads\/sites\/215\/2026\/08\/20260803_204019-768x384.jpg 768w, https:\/\/www.ufsm.br\/app\/uploads\/sites\/215\/2026\/08\/20260803_204019-1536x768.jpg 1536w, https:\/\/www.ufsm.br\/app\/uploads\/sites\/215\/2026\/08\/20260803_204019-2048x1024.jpg 2048w\" sizes=\"(max-width: 1024px) 100vw, 1024px\" \/><\/figure>\n<\/figure>\n\n\n\n<p class=\"wp-block-paragraph\"><\/p>\n","protected":false},"excerpt":{"rendered":"<p>O in\u00edcio do segundo semestre letivo de 2026 foi marcado por uma s\u00e9rie de atividades de integra\u00e7\u00e3o e boas-vindas aos novos acad\u00eamicos do curso de Administra\u00e7\u00e3o Noturno da Universidade Federal de Santa Maria, campus Palmeira das Miss\u00f5es (UFSM-PM). A programa\u00e7\u00e3o especial combinou apresenta\u00e7\u00f5es acad\u00eamicas, di\u00e1logo com lideran\u00e7as institucionais e momentos de integra\u00e7\u00e3o estudantil. As atividades [&hellip;]<\/p>\n","protected":false},"author":6746,"featured_media":1416,"comment_status":"closed","ping_status":"closed","sticky":false,"template":"","format":"standard","meta":{"footnotes":""},"categories":[74],"tags":[],"class_list":["post-1414","post","type-post","status-publish","format-standard","has-post-thumbnail","hentry","category-aulas"],"acf":[],"_links":{"self":[{"href":"https:\/\/www.ufsm.br\/cursos\/graduacao\/palmeira-das-missoes\/administracao\/wp-json\/wp\/v2\/posts\/1414","targetHints":{"allow":["GET"]}}],"collection":[{"href":"https:\/\/www.ufsm.br\/cursos\/graduacao\/palmeira-das-missoes\/administracao\/wp-json\/wp\/v2\/posts"}],"about":[{"href":"https:\/\/www.ufsm.br\/cursos\/graduacao\/palmeira-das-missoes\/administracao\/wp-json\/wp\/v2\/types\/post"}],"author":[{"embeddable":true,"href":"https:\/\/www.ufsm.br\/cursos\/graduacao\/palmeira-das-missoes\/administracao\/wp-json\/wp\/v2\/users\/6746"}],"replies":[{"embeddable":true,"href":"https:\/\/www.ufsm.br\/cursos\/graduacao\/palmeira-das-missoes\/administracao\/wp-json\/wp\/v2\/comments?post=1414"}],"version-history":[{"count":0,"href":"https:\/\/www.ufsm.br\/cursos\/graduacao\/palmeira-das-missoes\/administracao\/wp-json\/wp\/v2\/posts\/1414\/revisions"}],"wp:featuredmedia":[{"embeddable":true,"href":"https:\/\/www.ufsm.br\/cursos\/graduacao\/palmeira-das-missoes\/administracao\/wp-json\/wp\/v2\/media\/1416"}],"wp:attachment":[{"href":"https:\/\/www.ufsm.br\/cursos\/graduacao\/palmeira-das-missoes\/administracao\/wp-json\/wp\/v2\/media?parent=1414"}],"wp:term":[{"taxonomy":"category","embeddable":true,"href":"https:\/\/www.ufsm.br\/cursos\/graduacao\/palmeira-das-missoes\/administracao\/wp-json\/wp\/v2\/categories?post=1414"},{"taxonomy":"post_tag","embeddable":true,"href":"https:\/\/www.ufsm.br\/cursos\/graduacao\/palmeira-das-missoes\/administracao\/wp-json\/wp\/v2\/tags?post=1414"}],"curies":[{"name":"wp","href":"https:\/\/api.w.org\/{rel}","templated":true}]}}