{"id":1417,"date":"2026-08-27T16:41:04","date_gmt":"2026-08-27T19:41:04","guid":{"rendered":"https:\/\/www.ufsm.br\/cursos\/graduacao\/palmeira-das-missoes\/administracao\/?p=1417"},"modified":"2026-08-27T16:43:29","modified_gmt":"2026-08-27T19:43:29","slug":"cursos-de-administracao-da-ufsm-pm-iniciam-semestre-com-xxiv-cidead-e-celebram-20-anos-de-historia","status":"publish","type":"post","link":"https:\/\/www.ufsm.br\/cursos\/graduacao\/palmeira-das-missoes\/administracao\/2026\/08\/27\/cursos-de-administracao-da-ufsm-pm-iniciam-semestre-com-xxiv-cidead-e-celebram-20-anos-de-historia","title":{"rendered":"Cursos de\u00a0Administra\u00e7\u00e3o da UFSM-PM iniciam semestre com XXIV CIDEAD e celebram 20 anos de hist\u00f3ria."},"content":{"rendered":"\n<p class=\"wp-block-paragraph\">Na noite de 25 de agosto, os estudantes e professores dos cursos de Administra\u00e7\u00e3o Diurno e Noturno da Universidade Federal de Santa Maria \u2013 Campus Palmeira das Miss\u00f5es (UFSM-PM) participaram de um momento especial de integra\u00e7\u00e3o, aprendizado e celebra\u00e7\u00e3o. A programa\u00e7\u00e3o do XXIV Ciclo de Debates de Administra\u00e7\u00e3o do Rio Grande do Sul (CIDEAD) foi realizada no Campus e tamb\u00e9m marcou a aula inaugural do semestre, em meio \u00e0s comemora\u00e7\u00f5es dos 20 anos dos cursos de Administra\u00e7\u00e3o.<\/p>\n\n\n\n<p class=\"wp-block-paragraph\">Com o tema \u201cInova\u00e7\u00e3o, Educa\u00e7\u00e3o, ESG e Compet\u00eancias\u201d, o CIDEAD trouxe para a comunidade acad\u00eamica discuss\u00f5es relacionadas \u00e0s mudan\u00e7as que v\u00eam transformando a atua\u00e7\u00e3o dos profissionais da Administra\u00e7\u00e3o. Na edi\u00e7\u00e3o realizada na UFSM-PM, o p\u00fablico acompanhou a palestra \u201cO futuro n\u00e3o chega pronto: Quem vai constru\u00ed-lo na era da Intelig\u00eancia Artificial? Compet\u00eancias humanas para inovar, aprender e gerar impacto em um mundo em transforma\u00e7\u00e3o\u201d, conduzida pelo administrador F\u00e1bio Tolfo Ribas.<\/p>\n\n\n\n<p class=\"wp-block-paragraph\">Ao longo do encontro, a Intelig\u00eancia Artificial e seus impactos no mercado de trabalho estiveram entre os principais pontos de reflex\u00e3o. A palestra destacou que, diante do avan\u00e7o das novas tecnologias, caracter\u00edsticas como criatividade, capacidade de adapta\u00e7\u00e3o, pensamento cr\u00edtico, aprendizagem cont\u00ednua e colabora\u00e7\u00e3o permanecem fundamentais para os profissionais que atuar\u00e3o em um mercado cada vez mais din\u00e2mico.<\/p>\n\n\n\n<p class=\"wp-block-paragraph\">Para os acad\u00eamicos, a atividade tamb\u00e9m representou uma oportunidade de ampliar os conhecimentos para al\u00e9m da sala de aula e entrar em contato com discuss\u00f5es que fazem parte da realidade atual da profiss\u00e3o. A iniciativa aproximou a forma\u00e7\u00e3o acad\u00eamica dos desafios enfrentados pelas organiza\u00e7\u00f5es e pelos administradores no cen\u00e1rio contempor\u00e2neo.<\/p>\n\n\n\n<p class=\"wp-block-paragraph\">Foi uma noite para celebrar duas d\u00e9cadas de Administra\u00e7\u00e3o!<\/p>\n\n\n\n<p class=\"wp-block-paragraph\">Mais do que marcar o in\u00edcio de um novo semestre, o evento fez parte de um momento significativo para os&nbsp;cursos. Em 2026, os cursos de Administra\u00e7\u00e3o Diurno e Noturno da UFSM-PM completam 20 anos de trajet\u00f3ria.<\/p>\n\n\n\n<p class=\"wp-block-paragraph\">Ao longo dessas duas d\u00e9cadas, os&nbsp;cursos&nbsp;contribui\u00edram&nbsp;para a forma\u00e7\u00e3o de profissionais que atuam em diferentes \u00e1reas e setores, fortalecendo a presen\u00e7a da UFSM na regi\u00e3o e mantendo o compromisso com uma forma\u00e7\u00e3o de qualidade, conectada \u00e0s necessidades da sociedade.<\/p>\n\n\n\n<p class=\"wp-block-paragraph\">A comemora\u00e7\u00e3o dos 20 anos durante a aula inaugural refor\u00e7ou justamente essa trajet\u00f3ria: olhar para o que j\u00e1 foi constru\u00eddo e, ao mesmo tempo, pensar nos pr\u00f3ximos caminhos da Administra\u00e7\u00e3o e na forma\u00e7\u00e3o das novas gera\u00e7\u00f5es de profissionais.<\/p>\n\n\n\n<p class=\"wp-block-paragraph\">O momento contou com a participa\u00e7\u00e3o da dire\u00e7\u00e3o do Campus, representantes do Conselho Federal de Administra\u00e7\u00e3o (CFA) e do Conselho Regional de Administra\u00e7\u00e3o do Rio Grande do Sul (CRA-RS), al\u00e9m da chefia do Departamento de Administra\u00e7\u00e3o, das coordena\u00e7\u00f5es dos cursos e dos professores respons\u00e1veis pela organiza\u00e7\u00e3o da atividade.<\/p>\n\n\n\n<p class=\"wp-block-paragraph\">A realiza\u00e7\u00e3o do XXIV CIDEAD na UFSM-PM representa, assim, n\u00e3o apenas o in\u00edcio de mais um semestre letivo, mas tamb\u00e9m uma oportunidade de celebrar a hist\u00f3ria dos cursos, reunir a comunidade acad\u00eamica e refletir sobre o futuro da Administra\u00e7\u00e3o.<\/p>\n\n\n\n<figure class=\"wp-block-gallery has-nested-images columns-default is-cropped wp-block-gallery-1 is-layout-flex wp-block-gallery-is-layout-flex\">\n<figure class=\"wp-block-image size-large\"><img fetchpriority=\"high\" decoding=\"async\" width=\"1024\" height=\"512\" data-id=\"1419\" src=\"https:\/\/www.ufsm.br\/app\/uploads\/sites\/215\/2026\/08\/IMG_4939-1024x512.jpg\" alt=\"\" class=\"wp-image-1419\" srcset=\"https:\/\/www.ufsm.br\/app\/uploads\/sites\/215\/2026\/08\/IMG_4939-1024x512.jpg 1024w, https:\/\/www.ufsm.br\/app\/uploads\/sites\/215\/2026\/08\/IMG_4939-300x150.jpg 300w, https:\/\/www.ufsm.br\/app\/uploads\/sites\/215\/2026\/08\/IMG_4939-768x384.jpg 768w, https:\/\/www.ufsm.br\/app\/uploads\/sites\/215\/2026\/08\/IMG_4939-1536x768.jpg 1536w, https:\/\/www.ufsm.br\/app\/uploads\/sites\/215\/2026\/08\/IMG_4939-2048x1024.jpg 2048w\" sizes=\"(max-width: 1024px) 100vw, 1024px\" \/><\/figure>\n\n\n\n<figure class=\"wp-block-image size-large\"><img decoding=\"async\" width=\"1024\" height=\"303\" data-id=\"1418\" src=\"https:\/\/www.ufsm.br\/app\/uploads\/sites\/215\/2026\/08\/IMG_4933-1024x303.jpg\" alt=\"\" class=\"wp-image-1418\" srcset=\"https:\/\/www.ufsm.br\/app\/uploads\/sites\/215\/2026\/08\/IMG_4933-1024x303.jpg 1024w, https:\/\/www.ufsm.br\/app\/uploads\/sites\/215\/2026\/08\/IMG_4933-300x89.jpg 300w, https:\/\/www.ufsm.br\/app\/uploads\/sites\/215\/2026\/08\/IMG_4933-768x227.jpg 768w, https:\/\/www.ufsm.br\/app\/uploads\/sites\/215\/2026\/08\/IMG_4933-1536x454.jpg 1536w, https:\/\/www.ufsm.br\/app\/uploads\/sites\/215\/2026\/08\/IMG_4933-2048x606.jpg 2048w\" sizes=\"(max-width: 1024px) 100vw, 1024px\" \/><\/figure>\n<\/figure>\n","protected":false},"excerpt":{"rendered":"<p>Na noite de 25 de agosto, os estudantes e professores dos cursos de Administra\u00e7\u00e3o Diurno e Noturno da Universidade Federal de Santa Maria \u2013 Campus Palmeira das Miss\u00f5es (UFSM-PM) participaram de um momento especial de integra\u00e7\u00e3o, aprendizado e celebra\u00e7\u00e3o. A programa\u00e7\u00e3o do XXIV Ciclo de Debates de Administra\u00e7\u00e3o do Rio Grande do Sul (CIDEAD) foi [&hellip;]<\/p>\n","protected":false},"author":6746,"featured_media":1419,"comment_status":"closed","ping_status":"closed","sticky":false,"template":"","format":"standard","meta":{"footnotes":""},"categories":[55],"tags":[],"class_list":["post-1417","post","type-post","status-publish","format-standard","has-post-thumbnail","hentry","category-eventos"],"acf":[],"_links":{"self":[{"href":"https:\/\/www.ufsm.br\/cursos\/graduacao\/palmeira-das-missoes\/administracao\/wp-json\/wp\/v2\/posts\/1417","targetHints":{"allow":["GET"]}}],"collection":[{"href":"https:\/\/www.ufsm.br\/cursos\/graduacao\/palmeira-das-missoes\/administracao\/wp-json\/wp\/v2\/posts"}],"about":[{"href":"https:\/\/www.ufsm.br\/cursos\/graduacao\/palmeira-das-missoes\/administracao\/wp-json\/wp\/v2\/types\/post"}],"author":[{"embeddable":true,"href":"https:\/\/www.ufsm.br\/cursos\/graduacao\/palmeira-das-missoes\/administracao\/wp-json\/wp\/v2\/users\/6746"}],"replies":[{"embeddable":true,"href":"https:\/\/www.ufsm.br\/cursos\/graduacao\/palmeira-das-missoes\/administracao\/wp-json\/wp\/v2\/comments?post=1417"}],"version-history":[{"count":0,"href":"https:\/\/www.ufsm.br\/cursos\/graduacao\/palmeira-das-missoes\/administracao\/wp-json\/wp\/v2\/posts\/1417\/revisions"}],"wp:featuredmedia":[{"embeddable":true,"href":"https:\/\/www.ufsm.br\/cursos\/graduacao\/palmeira-das-missoes\/administracao\/wp-json\/wp\/v2\/media\/1419"}],"wp:attachment":[{"href":"https:\/\/www.ufsm.br\/cursos\/graduacao\/palmeira-das-missoes\/administracao\/wp-json\/wp\/v2\/media?parent=1417"}],"wp:term":[{"taxonomy":"category","embeddable":true,"href":"https:\/\/www.ufsm.br\/cursos\/graduacao\/palmeira-das-missoes\/administracao\/wp-json\/wp\/v2\/categories?post=1417"},{"taxonomy":"post_tag","embeddable":true,"href":"https:\/\/www.ufsm.br\/cursos\/graduacao\/palmeira-das-missoes\/administracao\/wp-json\/wp\/v2\/tags?post=1417"}],"curies":[{"name":"wp","href":"https:\/\/api.w.org\/{rel}","templated":true}]}}