{"id":1248,"date":"2022-04-08T10:10:24","date_gmt":"2022-04-08T13:10:24","guid":{"rendered":"https:\/\/www.ufsm.br\/cursos\/graduacao\/santa-maria\/administracao\/?p=1248"},"modified":"2022-04-08T10:10:26","modified_gmt":"2022-04-08T13:10:26","slug":"horarios-de-atendimento-presencial-para-ajuste-de-matricula","status":"publish","type":"post","link":"https:\/\/www.ufsm.br\/cursos\/graduacao\/santa-maria\/administracao\/2022\/04\/08\/horarios-de-atendimento-presencial-para-ajuste-de-matricula","title":{"rendered":"Hor\u00e1rios de atendimento presencial para ajuste de matr\u00edcula"},"content":{"rendered":"\n<p>Informamos que a Coordena\u00e7\u00e3o do curso de <strong>Administra\u00e7\u00e3o Diurno<\/strong> estar\u00e1 atendendo presencialmente\u00a0 durante o per\u00edodo de ajustes de matr\u00edcula, nas <strong>segundas, ter\u00e7as e quartas, das 8h \u00e0s 11:30h<\/strong>. J\u00e1 a Coordena\u00e7\u00e3o do curso de <strong>Administra\u00e7\u00e3o Noturno<\/strong>, estar\u00e1 tamb\u00e9m atendendo nas <strong>segundas, ter\u00e7as e quartas<\/strong>, no hor\u00e1rio das <strong>18:30h \u00e0s 21h, <\/strong>na sala 4123 do Pr\u00e9dio 74C do CCSH.<\/p>\n<p>Durante o m\u00eas de abril, a Secretaria dos Cursos de Administra\u00e7\u00e3o permanece realizando os atendimentos por e-mail.\u00a0<\/p>\n","protected":false},"excerpt":{"rendered":"<p>Informamos que a Coordena\u00e7\u00e3o do curso de Administra\u00e7\u00e3o Diurno estar\u00e1 atendendo presencialmente\u00a0 durante o per\u00edodo de ajustes de matr\u00edcula, nas segundas, ter\u00e7as e quartas, das 8h \u00e0s 11:30h. J\u00e1 a Coordena\u00e7\u00e3o do curso de Administra\u00e7\u00e3o Noturno, estar\u00e1 tamb\u00e9m atendendo nas segundas, ter\u00e7as e quartas, no hor\u00e1rio das 18:30h \u00e0s 21h, na sala 4123 do Pr\u00e9dio [&hellip;]<\/p>\n","protected":false},"author":2252,"featured_media":0,"comment_status":"closed","ping_status":"closed","sticky":false,"template":"","format":"standard","meta":{"footnotes":""},"categories":[2],"tags":[66,62,63,65,64],"class_list":["post-1248","post","type-post","status-publish","format-standard","hentry","category-noticias","tag-ajustes-de-matricula","tag-atendimento","tag-coordenacao","tag-horario","tag-presencial"],"acf":[],"_links":{"self":[{"href":"https:\/\/www.ufsm.br\/cursos\/graduacao\/santa-maria\/administracao\/wp-json\/wp\/v2\/posts\/1248","targetHints":{"allow":["GET"]}}],"collection":[{"href":"https:\/\/www.ufsm.br\/cursos\/graduacao\/santa-maria\/administracao\/wp-json\/wp\/v2\/posts"}],"about":[{"href":"https:\/\/www.ufsm.br\/cursos\/graduacao\/santa-maria\/administracao\/wp-json\/wp\/v2\/types\/post"}],"author":[{"embeddable":true,"href":"https:\/\/www.ufsm.br\/cursos\/graduacao\/santa-maria\/administracao\/wp-json\/wp\/v2\/users\/2252"}],"replies":[{"embeddable":true,"href":"https:\/\/www.ufsm.br\/cursos\/graduacao\/santa-maria\/administracao\/wp-json\/wp\/v2\/comments?post=1248"}],"version-history":[{"count":0,"href":"https:\/\/www.ufsm.br\/cursos\/graduacao\/santa-maria\/administracao\/wp-json\/wp\/v2\/posts\/1248\/revisions"}],"wp:attachment":[{"href":"https:\/\/www.ufsm.br\/cursos\/graduacao\/santa-maria\/administracao\/wp-json\/wp\/v2\/media?parent=1248"}],"wp:term":[{"taxonomy":"category","embeddable":true,"href":"https:\/\/www.ufsm.br\/cursos\/graduacao\/santa-maria\/administracao\/wp-json\/wp\/v2\/categories?post=1248"},{"taxonomy":"post_tag","embeddable":true,"href":"https:\/\/www.ufsm.br\/cursos\/graduacao\/santa-maria\/administracao\/wp-json\/wp\/v2\/tags?post=1248"}],"curies":[{"name":"wp","href":"https:\/\/api.w.org\/{rel}","templated":true}]}}