{"id":1826,"date":"2022-10-27T08:23:22","date_gmt":"2022-10-27T11:23:22","guid":{"rendered":"https:\/\/www.ufsm.br\/cursos\/graduacao\/santa-maria\/administracao\/?p=1826"},"modified":"2022-10-27T08:23:23","modified_gmt":"2022-10-27T11:23:23","slug":"submissao-de-projetos-v-expo-ecoinovar-prorrogadas","status":"publish","type":"post","link":"https:\/\/www.ufsm.br\/cursos\/graduacao\/santa-maria\/administracao\/2022\/10\/27\/submissao-de-projetos-v-expo-ecoinovar-prorrogadas","title":{"rendered":"Submiss\u00e3o de projetos V Expo Ecoinovar prorrogadas"},"content":{"rendered":"\n\n\n<div class=\"wp-block-media-text alignwide has-media-on-the-right is-stacked-on-mobile\" style=\"grid-template-columns:auto 44%\"><figure class=\"wp-block-media-text__media\"><img decoding=\"async\" width=\"162\" height=\"110\" src=\"https:\/\/www.ufsm.br\/app\/uploads\/sites\/421\/2022\/10\/ecoinovar.png\" alt=\"\" class=\"wp-image-1827 size-full\" \/><\/figure><div class=\"wp-block-media-text__content\">\n<p class=\"wp-block-paragraph\">Informamos que a DATA LIMITE PARA SUBMISS\u00c3O DE PROJETOS FOI PRORROGADA!<\/p>\n\n\n\n<p class=\"wp-block-paragraph\">Atendendo \u00e0s solicita\u00e7\u00f5es da comunidade acad\u00eamica, o prazo final para submiss\u00e3o de projetos para a Expo e Mostra Ecoinovar foi prorrogado at\u00e9 o dia 27 de Outubro de 2022.<\/p>\n\n\n\n<p class=\"wp-block-paragraph\">N\u00e3o perca essa nova oportunidade de apresentar seu projeto no nosso evento! Submeta-o no site do evento.<\/p>\n\n\n\n<p class=\"wp-block-paragraph\">#eventoacademico #foruminternacional #Ecoinovar11anos<br>&#8212;<\/p>\n\n\n\n<p class=\"wp-block-paragraph\">Comiss\u00e3o Organizadora<\/p>\n\n\n\n<p class=\"wp-block-paragraph\"><em>F\u00f3rum Internacional Ecoinovar<\/em><\/p>\n<\/div><\/div>\n","protected":false},"excerpt":{"rendered":"<p>Informamos que a DATA LIMITE PARA SUBMISS\u00c3O DE PROJETOS FOI PRORROGADA! Atendendo \u00e0s solicita\u00e7\u00f5es da comunidade acad\u00eamica, o prazo final para submiss\u00e3o de projetos para a Expo e Mostra Ecoinovar foi prorrogado at\u00e9 o dia 27 de Outubro de 2022. N\u00e3o perca essa nova oportunidade de apresentar seu projeto no nosso evento! Submeta-o no site [&hellip;]<\/p>\n","protected":false},"author":2252,"featured_media":0,"comment_status":"closed","ping_status":"closed","sticky":false,"template":"","format":"standard","meta":{"footnotes":""},"categories":[2],"tags":[301,102],"class_list":["post-1826","post","type-post","status-publish","format-standard","hentry","category-noticias","tag-ecoinovar","tag-inscricoes"],"acf":[],"_links":{"self":[{"href":"https:\/\/www.ufsm.br\/cursos\/graduacao\/santa-maria\/administracao\/wp-json\/wp\/v2\/posts\/1826","targetHints":{"allow":["GET"]}}],"collection":[{"href":"https:\/\/www.ufsm.br\/cursos\/graduacao\/santa-maria\/administracao\/wp-json\/wp\/v2\/posts"}],"about":[{"href":"https:\/\/www.ufsm.br\/cursos\/graduacao\/santa-maria\/administracao\/wp-json\/wp\/v2\/types\/post"}],"author":[{"embeddable":true,"href":"https:\/\/www.ufsm.br\/cursos\/graduacao\/santa-maria\/administracao\/wp-json\/wp\/v2\/users\/2252"}],"replies":[{"embeddable":true,"href":"https:\/\/www.ufsm.br\/cursos\/graduacao\/santa-maria\/administracao\/wp-json\/wp\/v2\/comments?post=1826"}],"version-history":[{"count":0,"href":"https:\/\/www.ufsm.br\/cursos\/graduacao\/santa-maria\/administracao\/wp-json\/wp\/v2\/posts\/1826\/revisions"}],"wp:attachment":[{"href":"https:\/\/www.ufsm.br\/cursos\/graduacao\/santa-maria\/administracao\/wp-json\/wp\/v2\/media?parent=1826"}],"wp:term":[{"taxonomy":"category","embeddable":true,"href":"https:\/\/www.ufsm.br\/cursos\/graduacao\/santa-maria\/administracao\/wp-json\/wp\/v2\/categories?post=1826"},{"taxonomy":"post_tag","embeddable":true,"href":"https:\/\/www.ufsm.br\/cursos\/graduacao\/santa-maria\/administracao\/wp-json\/wp\/v2\/tags?post=1826"}],"curies":[{"name":"wp","href":"https:\/\/api.w.org\/{rel}","templated":true}]}}