{"id":2499,"date":"2023-06-02T07:57:21","date_gmt":"2023-06-02T10:57:21","guid":{"rendered":"https:\/\/www.ufsm.br\/cursos\/graduacao\/santa-maria\/administracao\/?p=2499"},"modified":"2023-06-01T08:01:08","modified_gmt":"2023-06-01T11:01:08","slug":"pesquisa-academica-sobre-saude-mental-de-estudantes","status":"publish","type":"post","link":"https:\/\/www.ufsm.br\/cursos\/graduacao\/santa-maria\/administracao\/2023\/06\/02\/pesquisa-academica-sobre-saude-mental-de-estudantes","title":{"rendered":"Pesquisa acad\u00eamica sobre sa\u00fade mental de estudantes"},"content":{"rendered":"\n<div class=\"wp-block-media-text alignwide has-media-on-the-right is-stacked-on-mobile is-vertically-aligned-top\"><div class=\"wp-block-media-text__content\">\n<p class=\"wp-block-paragraph\">Prezado(a) estudante,<\/p>\n\n\n\n<p class=\"wp-block-paragraph\">Voc\u00ea est\u00e1 convidado a participar do projeto UNILIFE-M. O UNILIFE-M busca nos ajudar a avaliar as trajet\u00f3rias do estilo de vida e de sa\u00fade mental durante a vida acad\u00eamica de estudantes universit\u00e1rios e como essas mudan\u00e7as est\u00e3o associadas. O estudo acontece em mais de 60 universidades em 28 pa\u00edses sendo coordenado pela UFSM.<\/p>\n\n\n\n<p class=\"wp-block-paragraph\">Venha voc\u00ea tamb\u00e9m fazer parte desta fam\u00edlia.<\/p>\n\n\n\n<p class=\"wp-block-paragraph\"><br>Quem pode participar?<br>Estudantes de gradua\u00e7\u00e3o, mestrado e doutorado&nbsp;que tenham ingressado no curso em 2023, com idade entre 16 e 35 anos.<br><a href=\"https:\/\/redcap.link\/3he4nphq\" target=\"_blank\" rel=\"noreferrer noopener\">https:\/\/redcap.link\/3he4nphq<\/a><\/p>\n<\/div><figure class=\"wp-block-media-text__media\"><img fetchpriority=\"high\" decoding=\"async\" width=\"724\" height=\"1024\" src=\"https:\/\/www.ufsm.br\/app\/uploads\/sites\/421\/2023\/06\/a884072c-980c-4624-a074-a81b78419b08-2-1-724x1024.jpg\" alt=\"\" class=\"wp-image-2500 size-full\" srcset=\"https:\/\/www.ufsm.br\/app\/uploads\/sites\/421\/2023\/06\/a884072c-980c-4624-a074-a81b78419b08-2-1-724x1024.jpg 724w, https:\/\/www.ufsm.br\/app\/uploads\/sites\/421\/2023\/06\/a884072c-980c-4624-a074-a81b78419b08-2-1-212x300.jpg 212w, https:\/\/www.ufsm.br\/app\/uploads\/sites\/421\/2023\/06\/a884072c-980c-4624-a074-a81b78419b08-2-1-768x1086.jpg 768w, https:\/\/www.ufsm.br\/app\/uploads\/sites\/421\/2023\/06\/a884072c-980c-4624-a074-a81b78419b08-2-1-1086x1536.jpg 1086w, https:\/\/www.ufsm.br\/app\/uploads\/sites\/421\/2023\/06\/a884072c-980c-4624-a074-a81b78419b08-2-1-1448x2048.jpg 1448w, https:\/\/www.ufsm.br\/app\/uploads\/sites\/421\/2023\/06\/a884072c-980c-4624-a074-a81b78419b08-2-1.jpg 1587w\" sizes=\"(max-width: 724px) 100vw, 724px\" \/><\/figure><\/div>\n","protected":false},"excerpt":{"rendered":"<p>Prezado(a) estudante, Voc\u00ea est\u00e1 convidado a participar do projeto UNILIFE-M. O UNILIFE-M busca nos ajudar a avaliar as trajet\u00f3rias do estilo de vida e de sa\u00fade mental durante a vida acad\u00eamica de estudantes universit\u00e1rios e como essas mudan\u00e7as est\u00e3o associadas. O estudo acontece em mais de 60 universidades em 28 pa\u00edses sendo coordenado pela UFSM. [&hellip;]<\/p>\n","protected":false},"author":2252,"featured_media":0,"comment_status":"closed","ping_status":"closed","sticky":false,"template":"","format":"standard","meta":{"footnotes":""},"categories":[150],"tags":[52,261,482],"class_list":["post-2499","post","type-post","status-publish","format-standard","hentry","category-oportunidades","tag-estudantes","tag-pesquisa","tag-saude-mental"],"acf":[],"_links":{"self":[{"href":"https:\/\/www.ufsm.br\/cursos\/graduacao\/santa-maria\/administracao\/wp-json\/wp\/v2\/posts\/2499","targetHints":{"allow":["GET"]}}],"collection":[{"href":"https:\/\/www.ufsm.br\/cursos\/graduacao\/santa-maria\/administracao\/wp-json\/wp\/v2\/posts"}],"about":[{"href":"https:\/\/www.ufsm.br\/cursos\/graduacao\/santa-maria\/administracao\/wp-json\/wp\/v2\/types\/post"}],"author":[{"embeddable":true,"href":"https:\/\/www.ufsm.br\/cursos\/graduacao\/santa-maria\/administracao\/wp-json\/wp\/v2\/users\/2252"}],"replies":[{"embeddable":true,"href":"https:\/\/www.ufsm.br\/cursos\/graduacao\/santa-maria\/administracao\/wp-json\/wp\/v2\/comments?post=2499"}],"version-history":[{"count":0,"href":"https:\/\/www.ufsm.br\/cursos\/graduacao\/santa-maria\/administracao\/wp-json\/wp\/v2\/posts\/2499\/revisions"}],"wp:attachment":[{"href":"https:\/\/www.ufsm.br\/cursos\/graduacao\/santa-maria\/administracao\/wp-json\/wp\/v2\/media?parent=2499"}],"wp:term":[{"taxonomy":"category","embeddable":true,"href":"https:\/\/www.ufsm.br\/cursos\/graduacao\/santa-maria\/administracao\/wp-json\/wp\/v2\/categories?post=2499"},{"taxonomy":"post_tag","embeddable":true,"href":"https:\/\/www.ufsm.br\/cursos\/graduacao\/santa-maria\/administracao\/wp-json\/wp\/v2\/tags?post=2499"}],"curies":[{"name":"wp","href":"https:\/\/api.w.org\/{rel}","templated":true}]}}