{"id":3268,"date":"2024-07-25T09:51:15","date_gmt":"2024-07-25T12:51:15","guid":{"rendered":"https:\/\/www.ufsm.br\/cursos\/graduacao\/santa-maria\/administracao\/?p=3268"},"modified":"2024-07-25T09:51:34","modified_gmt":"2024-07-25T12:51:34","slug":"convite-para-o-forum-nacional-de-qualidade-do-ensino-em-administracao-2024","status":"publish","type":"post","link":"https:\/\/www.ufsm.br\/cursos\/graduacao\/santa-maria\/administracao\/2024\/07\/25\/convite-para-o-forum-nacional-de-qualidade-do-ensino-em-administracao-2024","title":{"rendered":"Convite para o F\u00f3rum Nacional de Qualidade do Ensino em Administra\u00e7\u00e3o 2024"},"content":{"rendered":"\n<p>\u00c9 com grande satisfa\u00e7\u00e3o que a ANGRAD convida voc\u00ea para participar do F\u00f3rum Nacional de Qualidade do Ensino em Administra\u00e7\u00e3o 2024, que ser\u00e1 realizado em\u00a0<strong>formato h\u00edbrido<\/strong>, em Bras\u00edlia. Este evento essencial tem como objetivo debater a qualidade do ensino nos cursos de Administra\u00e7\u00e3o, especialmente na modalidade de educa\u00e7\u00e3o a dist\u00e2ncia.<\/p>\n<p><strong>Data:\u00a0<\/strong>05\/08\/2024<br \/><strong>Hor\u00e1rio:<\/strong>\u00a09h00 \u00e0s 17h00<br \/><strong>Local:<\/strong>\u00a0Sede do CFA, Bras\u00edlia-DF<\/p>\n<p>O f\u00f3rum, realizado em conjunto com a Associa\u00e7\u00e3o Nacional dos Cursos de Gradua\u00e7\u00e3o em Administra\u00e7\u00e3o (ANGRAD) e o Instituto Nacional de Estudos e Pesquisas Educacionais An\u00edsio Teixeira (INEP\/Minist\u00e9rio da Educa\u00e7\u00e3o), mediante a Diretoria de Avalia\u00e7\u00e3o do Ensino Superior, visa aprimorar o entendimento dos par\u00e2metros de avalia\u00e7\u00e3o do Enade e discutir estrat\u00e9gias para melhoria cont\u00ednua dos projetos pedag\u00f3gicos dos cursos que formam os futuros Administradores. Nosso objetivo \u00e9 conectar a academia, a forma\u00e7\u00e3o e o mercado de trabalho.<\/p>\n<p><strong>Principais Propostas do F\u00f3rum:<\/strong><\/p>\n<ul>\n<li>Democratizar o acesso \u00e0 informa\u00e7\u00e3o e oferecer ferramentas para aprimoramento do ensino dos conte\u00fados de Administra\u00e7\u00e3o, \u00e0 luz das Diretrizes Curriculares Nacionais dos Cursos de Gradua\u00e7\u00e3o em Administra\u00e7\u00e3o (DCNs).<\/li>\n<li>Prestar esclarecimentos sobre as inova\u00e7\u00f5es das DCNs, como as pr\u00e1ticas profissionais supervisionadas.<\/li>\n<li>Ampliar o debate sobre novas perspectivas de gest\u00e3o curricular.<\/li>\n<li>Disseminar boas pr\u00e1ticas e novas metodologias de ensino.<\/li>\n<li>Abordar a import\u00e2ncia do curso de Administra\u00e7\u00e3o para a sociedade.<\/li>\n<li>Debater a interlocu\u00e7\u00e3o entre academia, forma\u00e7\u00e3o e mercado de trabalho, com base nos resultados da &#8220;Pesquisa Nacional Perfil dos Profissionais de Administra\u00e7\u00e3o 2023&#8221; (dispon\u00edvel em\u00a0<a href=\"https:\/\/emailmarketing.locaweb.com.br\/accounts\/136259\/messages\/368\/clicks\/11530\/1655?envelope_id=332\" target=\"_blank\" rel=\"noopener\" data-saferedirecturl=\"https:\/\/www.google.com\/url?q=https:\/\/emailmarketing.locaweb.com.br\/accounts\/136259\/messages\/368\/clicks\/11530\/1655?envelope_id%3D332&amp;source=gmail&amp;ust=1721998041611000&amp;usg=AOvVaw1nPPOrkiX9vblHxrM6MvNq\">Pesquisa Nacional Perfil dos Profissionais de Administra\u00e7\u00e3o 2023<\/a>).<\/li>\n<\/ul>\n<p>O evento ser\u00e1 realizado no formato h\u00edbrido, proporcionando um espa\u00e7o de debate entre professores, coordenadores e diretores de cursos de gradua\u00e7\u00e3o em Administra\u00e7\u00e3o de todo o Brasil.<\/p>\n<p><strong>Inscri\u00e7\u00f5es:<\/strong><br \/>As inscri\u00e7\u00f5es podem ser realizadas atrav\u00e9s do seguinte link:\u00a0<a href=\"https:\/\/emailmarketing.locaweb.com.br\/accounts\/136259\/messages\/368\/clicks\/11530\/1655?envelope_id=332\" target=\"_blank\" rel=\"noopener\" data-saferedirecturl=\"https:\/\/www.google.com\/url?q=https:\/\/emailmarketing.locaweb.com.br\/accounts\/136259\/messages\/368\/clicks\/11530\/1655?envelope_id%3D332&amp;source=gmail&amp;ust=1721998041611000&amp;usg=AOvVaw1nPPOrkiX9vblHxrM6MvNq\">Formul\u00e1rio de Inscri\u00e7\u00e3o<\/a>.<\/p>\n<p>\u00a0<\/p>\n<p>Contamos com a sua presen\u00e7a para tornar este evento um marco na hist\u00f3ria da educa\u00e7\u00e3o em Administra\u00e7\u00e3o no Brasil.<\/p>\n","protected":false},"excerpt":{"rendered":"<p>\u00c9 com grande satisfa\u00e7\u00e3o que a ANGRAD convida voc\u00ea para participar do F\u00f3rum Nacional de Qualidade do Ensino em Administra\u00e7\u00e3o 2024, que ser\u00e1 realizado em\u00a0formato h\u00edbrido, em Bras\u00edlia. Este evento essencial tem como objetivo debater a qualidade do ensino nos cursos de Administra\u00e7\u00e3o, especialmente na modalidade de educa\u00e7\u00e3o a dist\u00e2ncia. Data:\u00a005\/08\/2024Hor\u00e1rio:\u00a09h00 \u00e0s 17h00Local:\u00a0Sede do CFA, [&hellip;]<\/p>\n","protected":false},"author":2252,"featured_media":0,"comment_status":"closed","ping_status":"closed","sticky":false,"template":"","format":"standard","meta":{"footnotes":""},"categories":[150],"tags":[593,327],"class_list":["post-3268","post","type-post","status-publish","format-standard","hentry","category-oportunidades","tag-angrad","tag-forum"],"acf":[],"_links":{"self":[{"href":"https:\/\/www.ufsm.br\/cursos\/graduacao\/santa-maria\/administracao\/wp-json\/wp\/v2\/posts\/3268","targetHints":{"allow":["GET"]}}],"collection":[{"href":"https:\/\/www.ufsm.br\/cursos\/graduacao\/santa-maria\/administracao\/wp-json\/wp\/v2\/posts"}],"about":[{"href":"https:\/\/www.ufsm.br\/cursos\/graduacao\/santa-maria\/administracao\/wp-json\/wp\/v2\/types\/post"}],"author":[{"embeddable":true,"href":"https:\/\/www.ufsm.br\/cursos\/graduacao\/santa-maria\/administracao\/wp-json\/wp\/v2\/users\/2252"}],"replies":[{"embeddable":true,"href":"https:\/\/www.ufsm.br\/cursos\/graduacao\/santa-maria\/administracao\/wp-json\/wp\/v2\/comments?post=3268"}],"version-history":[{"count":0,"href":"https:\/\/www.ufsm.br\/cursos\/graduacao\/santa-maria\/administracao\/wp-json\/wp\/v2\/posts\/3268\/revisions"}],"wp:attachment":[{"href":"https:\/\/www.ufsm.br\/cursos\/graduacao\/santa-maria\/administracao\/wp-json\/wp\/v2\/media?parent=3268"}],"wp:term":[{"taxonomy":"category","embeddable":true,"href":"https:\/\/www.ufsm.br\/cursos\/graduacao\/santa-maria\/administracao\/wp-json\/wp\/v2\/categories?post=3268"},{"taxonomy":"post_tag","embeddable":true,"href":"https:\/\/www.ufsm.br\/cursos\/graduacao\/santa-maria\/administracao\/wp-json\/wp\/v2\/tags?post=3268"}],"curies":[{"name":"wp","href":"https:\/\/api.w.org\/{rel}","templated":true}]}}