{"id":3771,"date":"2025-04-28T13:28:51","date_gmt":"2025-04-28T16:28:51","guid":{"rendered":"https:\/\/www.ufsm.br\/cursos\/graduacao\/santa-maria\/administracao\/?p=3771"},"modified":"2025-04-28T13:28:53","modified_gmt":"2025-04-28T16:28:53","slug":"reaberto-edital-de-bolsas-ic-inscricoes-ate-29-4","status":"publish","type":"post","link":"https:\/\/www.ufsm.br\/cursos\/graduacao\/santa-maria\/administracao\/2025\/04\/28\/reaberto-edital-de-bolsas-ic-inscricoes-ate-29-4","title":{"rendered":"Reaberto edital de bolsas IC &#8211; inscri\u00e7\u00f5es at\u00e9 29\/4"},"content":{"rendered":"\n<div>Reaberto o edital de bolsista de inicia\u00e7\u00e3o cient\u00edfica para atuar\u00a0 no projeto &#8220;Tecnopol\u00edtica e justi\u00e7a algor\u00edtmica: ag\u00eancia e resist\u00eancia em ativismos migrantes e antirracistas&#8221;, coordenado pela professora Liliane Brignol.<\/div>\n<div><br \/>Acesso ao edital:\u00a0<a href=\"https:\/\/www.ufsm.br\/app\/uploads\/sites\/345\/2025\/04\/Liliane-dutra.pdf\" target=\"_blank\" rel=\"noopener\" data-saferedirecturl=\"https:\/\/www.google.com\/url?q=https:\/\/www.ufsm.br\/app\/uploads\/sites\/345\/2025\/04\/Liliane-dutra.pdf&amp;source=gmail&amp;ust=1745943451842000&amp;usg=AOvVaw3B1LXeoGxPVN4DTdXo13S9\">https:\/\/www.ufsm.br\/app\/uploads\/sites\/345\/2025\/04\/Liliane-dutra.pdf<\/a><br \/><br \/>Trata-se de Bolsa de Inicia\u00e7\u00e3o Cient\u00edfica obtida junto ao Edital ICAF 013\/2025, no eixo Migrantes e Refugiados, e destinada exclusivamente para alunos com ingresso por meio das cotas (segundo o edital), com inscri\u00e7\u00f5es at\u00e9 o dia 29\/4.<\/div>\n","protected":false},"excerpt":{"rendered":"<p>Reaberto o edital de bolsista de inicia\u00e7\u00e3o cient\u00edfica para atuar\u00a0 no projeto &#8220;Tecnopol\u00edtica e justi\u00e7a algor\u00edtmica: ag\u00eancia e resist\u00eancia em ativismos migrantes e antirracistas&#8221;, coordenado pela professora Liliane Brignol. Acesso ao edital:\u00a0https:\/\/www.ufsm.br\/app\/uploads\/sites\/345\/2025\/04\/Liliane-dutra.pdf Trata-se de Bolsa de Inicia\u00e7\u00e3o Cient\u00edfica obtida junto ao Edital ICAF 013\/2025, no eixo Migrantes e Refugiados, e destinada exclusivamente para alunos com [&hellip;]<\/p>\n","protected":false},"author":2252,"featured_media":0,"comment_status":"closed","ping_status":"closed","sticky":false,"template":"","format":"standard","meta":{"footnotes":""},"categories":[150],"tags":[80],"class_list":["post-3771","post","type-post","status-publish","format-standard","hentry","category-oportunidades","tag-iniciacao-cientifica"],"acf":[],"_links":{"self":[{"href":"https:\/\/www.ufsm.br\/cursos\/graduacao\/santa-maria\/administracao\/wp-json\/wp\/v2\/posts\/3771","targetHints":{"allow":["GET"]}}],"collection":[{"href":"https:\/\/www.ufsm.br\/cursos\/graduacao\/santa-maria\/administracao\/wp-json\/wp\/v2\/posts"}],"about":[{"href":"https:\/\/www.ufsm.br\/cursos\/graduacao\/santa-maria\/administracao\/wp-json\/wp\/v2\/types\/post"}],"author":[{"embeddable":true,"href":"https:\/\/www.ufsm.br\/cursos\/graduacao\/santa-maria\/administracao\/wp-json\/wp\/v2\/users\/2252"}],"replies":[{"embeddable":true,"href":"https:\/\/www.ufsm.br\/cursos\/graduacao\/santa-maria\/administracao\/wp-json\/wp\/v2\/comments?post=3771"}],"version-history":[{"count":0,"href":"https:\/\/www.ufsm.br\/cursos\/graduacao\/santa-maria\/administracao\/wp-json\/wp\/v2\/posts\/3771\/revisions"}],"wp:attachment":[{"href":"https:\/\/www.ufsm.br\/cursos\/graduacao\/santa-maria\/administracao\/wp-json\/wp\/v2\/media?parent=3771"}],"wp:term":[{"taxonomy":"category","embeddable":true,"href":"https:\/\/www.ufsm.br\/cursos\/graduacao\/santa-maria\/administracao\/wp-json\/wp\/v2\/categories?post=3771"},{"taxonomy":"post_tag","embeddable":true,"href":"https:\/\/www.ufsm.br\/cursos\/graduacao\/santa-maria\/administracao\/wp-json\/wp\/v2\/tags?post=3771"}],"curies":[{"name":"wp","href":"https:\/\/api.w.org\/{rel}","templated":true}]}}