{"id":792,"date":"2023-07-03T11:57:04","date_gmt":"2023-07-03T14:57:04","guid":{"rendered":"https:\/\/www.ufsm.br\/cursos\/graduacao\/santa-maria\/agronomia\/?p=792"},"modified":"2023-07-03T11:57:05","modified_gmt":"2023-07-03T14:57:05","slug":"politica-de-ater-para-os-assentamentos-e-tema-de-primeira-live-com-o-professor-pedro-neumann","status":"publish","type":"post","link":"https:\/\/www.ufsm.br\/cursos\/graduacao\/santa-maria\/agronomia\/2023\/07\/03\/politica-de-ater-para-os-assentamentos-e-tema-de-primeira-live-com-o-professor-pedro-neumann","title":{"rendered":"Pol\u00edtica de ATER para os Assentamentos \u00e9 tema de primeira live com o Professor Pedro Neumann"},"content":{"rendered":"\n<p class=\"wp-block-paragraph\"><\/p>\n\n\n\n\n<div class=\"wp-block-image\">\n<figure class=\"alignleft size-large is-resized\"><img fetchpriority=\"high\" decoding=\"async\" src=\"https:\/\/www.ufsm.br\/app\/uploads\/sites\/379\/2023\/07\/03-07-23-mundo-rural-1024x1024.jpg\" alt=\"\" class=\"wp-image-793\" width=\"256\" height=\"256\" srcset=\"https:\/\/www.ufsm.br\/app\/uploads\/sites\/379\/2023\/07\/03-07-23-mundo-rural-1024x1024.jpg 1024w, https:\/\/www.ufsm.br\/app\/uploads\/sites\/379\/2023\/07\/03-07-23-mundo-rural-300x300.jpg 300w, https:\/\/www.ufsm.br\/app\/uploads\/sites\/379\/2023\/07\/03-07-23-mundo-rural-150x150.jpg 150w, https:\/\/www.ufsm.br\/app\/uploads\/sites\/379\/2023\/07\/03-07-23-mundo-rural-768x768.jpg 768w, https:\/\/www.ufsm.br\/app\/uploads\/sites\/379\/2023\/07\/03-07-23-mundo-rural.jpg 1079w\" sizes=\"(max-width: 256px) 100vw, 256px\" \/><\/figure>\n<\/div>\n\n\n<p class=\"wp-block-paragraph\">No pr\u00f3ximo dia 5 de julho, \u00e0s 10h30min, acontecer\u00e1 a primeira live do <a href=\"https:\/\/www.youtube.com\/watch?v=WCB8powTl4I\">canal &#8220;Mundo Rural em Perspectivas&#8221;<\/a>, com transmiss\u00e3o ao vivo, abordando a pol\u00edtica de Assist\u00eancia T\u00e9cnica e Extens\u00e3o Rural (ATER) para os assentamentos. O evento contar\u00e1 com a participa\u00e7\u00e3o do renomado Professor Pedro Neumann e ter\u00e1 como debatedora a Professora Daiane Vargas.<\/p>\n\n\n\n<p class=\"wp-block-paragraph\">O Professor Pedro Neumann, especialista em desenvolvimento rural e pol\u00edticas agr\u00e1rias, tem vasta experi\u00eancia na \u00e1rea de ATER e \u00e9 reconhecido por suas contribui\u00e7\u00f5es para o fortalecimento e aperfei\u00e7oamento das pol\u00edticas p\u00fablicas voltadas aos assentamentos rurais. Sua participa\u00e7\u00e3o na live promete trazer conhecimentos valiosos sobre o tema, al\u00e9m de abrir espa\u00e7o para reflex\u00f5es e debates sobre os desafios e perspectivas da ATER no contexto dos assentamentos.<\/p>\n\n\n\n<p class=\"wp-block-paragraph\">A Professora Daiane Vargas, por sua vez, \u00e9 uma estudiosa e defensora dos direitos dos agricultores familiares e assentados. Sua experi\u00eancia em pol\u00edticas agr\u00e1rias e sua atua\u00e7\u00e3o como pesquisadora e ativista tornam-na uma excelente debatedora para abordar quest\u00f5es cruciais relacionadas \u00e0 ATER nos assentamentos. Sua participa\u00e7\u00e3o trar\u00e1 uma vis\u00e3o aprofundada e enriquecer\u00e1 as discuss\u00f5es propostas durante a live.<\/p>\n\n\n\n<p class=\"wp-block-paragraph\">Durante a transmiss\u00e3o ao vivo, ser\u00e3o abordados t\u00f3picos relevantes, como a import\u00e2ncia da ATER para o desenvolvimento sustent\u00e1vel dos assentamentos, os desafios enfrentados na implementa\u00e7\u00e3o das pol\u00edticas p\u00fablicas, as estrat\u00e9gias de capacita\u00e7\u00e3o e forma\u00e7\u00e3o dos agricultores familiares, entre outros assuntos pertinentes.<\/p>\n\n\n\n<p class=\"wp-block-paragraph\">A live ser\u00e1 uma excelente oportunidade para profissionais, estudantes e interessados na \u00e1rea do agroneg\u00f3cio e desenvolvimento rural conhecerem mais sobre a pol\u00edtica de ATER para os assentamentos e se atualizarem sobre as perspectivas e desafios enfrentados atualmente.<\/p>\n\n\n\n<p class=\"wp-block-paragraph\">Para acompanhar a live, basta acessar o canal &#8220;Mundo Rural em Perspectivas&#8221; no dia 5 de julho, \u00e0s 10h30min. A transmiss\u00e3o estar\u00e1 dispon\u00edvel para todos os interessados, promovendo o acesso amplo ao conhecimento e a possibilidade de intera\u00e7\u00e3o por meio de coment\u00e1rios e perguntas durante o evento.<\/p>\n\n\n\n<p class=\"wp-block-paragraph\">A primeira live do canal &#8220;Mundo Rural em Perspectivas&#8221;, com o Professor Pedro Neumann e a Professora Daiane Vargas, promete ser um marco no debate sobre a pol\u00edtica de ATER para os assentamentos, contribuindo para o aprimoramento das a\u00e7\u00f5es e para a constru\u00e7\u00e3o de um ambiente mais justo e sustent\u00e1vel para os agricultores familiares e assentados.<\/p>\n","protected":false},"excerpt":{"rendered":"<p>No pr\u00f3ximo dia 5 de julho, \u00e0s 10h30min, acontecer\u00e1 a primeira live do canal &#8220;Mundo Rural em Perspectivas&#8221;, com transmiss\u00e3o ao vivo, abordando a pol\u00edtica de Assist\u00eancia T\u00e9cnica e Extens\u00e3o Rural (ATER) para os assentamentos. O evento contar\u00e1 com a participa\u00e7\u00e3o do renomado Professor Pedro Neumann e ter\u00e1 como debatedora a Professora Daiane Vargas. O [&hellip;]<\/p>\n","protected":false},"author":469,"featured_media":0,"comment_status":"closed","ping_status":"closed","sticky":false,"template":"","format":"standard","meta":{"footnotes":""},"categories":[1],"tags":[47,79,81,80],"class_list":["post-792","post","type-post","status-publish","format-standard","hentry","category-sem-categoria","tag-agronomia","tag-ater","tag-pedro-neumann","tag-politicas-agrarias"],"acf":[],"_links":{"self":[{"href":"https:\/\/www.ufsm.br\/cursos\/graduacao\/santa-maria\/agronomia\/wp-json\/wp\/v2\/posts\/792","targetHints":{"allow":["GET"]}}],"collection":[{"href":"https:\/\/www.ufsm.br\/cursos\/graduacao\/santa-maria\/agronomia\/wp-json\/wp\/v2\/posts"}],"about":[{"href":"https:\/\/www.ufsm.br\/cursos\/graduacao\/santa-maria\/agronomia\/wp-json\/wp\/v2\/types\/post"}],"author":[{"embeddable":true,"href":"https:\/\/www.ufsm.br\/cursos\/graduacao\/santa-maria\/agronomia\/wp-json\/wp\/v2\/users\/469"}],"replies":[{"embeddable":true,"href":"https:\/\/www.ufsm.br\/cursos\/graduacao\/santa-maria\/agronomia\/wp-json\/wp\/v2\/comments?post=792"}],"version-history":[{"count":0,"href":"https:\/\/www.ufsm.br\/cursos\/graduacao\/santa-maria\/agronomia\/wp-json\/wp\/v2\/posts\/792\/revisions"}],"wp:attachment":[{"href":"https:\/\/www.ufsm.br\/cursos\/graduacao\/santa-maria\/agronomia\/wp-json\/wp\/v2\/media?parent=792"}],"wp:term":[{"taxonomy":"category","embeddable":true,"href":"https:\/\/www.ufsm.br\/cursos\/graduacao\/santa-maria\/agronomia\/wp-json\/wp\/v2\/categories?post=792"},{"taxonomy":"post_tag","embeddable":true,"href":"https:\/\/www.ufsm.br\/cursos\/graduacao\/santa-maria\/agronomia\/wp-json\/wp\/v2\/tags?post=792"}],"curies":[{"name":"wp","href":"https:\/\/api.w.org\/{rel}","templated":true}]}}