{"id":1426,"date":"2023-11-14T17:34:13","date_gmt":"2023-11-14T20:34:13","guid":{"rendered":"https:\/\/www.ufsm.br\/cursos\/graduacao\/santa-maria\/arquivologia\/?p=1426"},"modified":"2023-11-14T17:37:38","modified_gmt":"2023-11-14T20:37:38","slug":"defesas-de-estagio-instrucao-para-agendamento","status":"publish","type":"post","link":"https:\/\/www.ufsm.br\/cursos\/graduacao\/santa-maria\/arquivologia\/2023\/11\/14\/defesas-de-estagio-instrucao-para-agendamento","title":{"rendered":"DEFESAS DE EST\u00c1GIO &#8211; INSTRU\u00c7\u00c3O PARA AGENDAMENTO"},"content":{"rendered":"\t\t<div data-elementor-type=\"wp-post\" data-elementor-id=\"1426\" class=\"elementor elementor-1426\">\n\t\t\t\t\t\t<section class=\"elementor-section elementor-top-section elementor-element elementor-element-64c69279 elementor-section-boxed elementor-section-height-default elementor-section-height-default\" data-id=\"64c69279\" data-element_type=\"section\">\n\t\t\t\t\t\t<div class=\"elementor-container elementor-column-gap-default\">\n\t\t\t\t\t<div class=\"elementor-column elementor-col-100 elementor-top-column elementor-element elementor-element-12ef2ab5\" data-id=\"12ef2ab5\" data-element_type=\"column\">\n\t\t\t<div class=\"elementor-widget-wrap elementor-element-populated\">\n\t\t\t\t\t\t<div class=\"elementor-element elementor-element-2008464b elementor-widget elementor-widget-text-editor\" data-id=\"2008464b\" data-element_type=\"widget\" data-widget_type=\"text-editor.default\">\n\t\t\t\t<div class=\"elementor-widget-container\">\n\t\t\t\t\t\t\t<p><!-- wp:paragraph --><\/p>\n<p>A Coordena\u00e7\u00e3o do Curso de Arquivologia informa a comunidade acad\u00eamica sobre os procedimentos para o agendamento das defesas de est\u00e1gio.<\/p>\n<p><!-- \/wp:paragraph --><\/p>\n<p><!-- wp:paragraph --><\/p>\n<p>Solicita-se que <span style=\"text-decoration: underline\"><strong>O(A) ORIENTADOR(A)<\/strong><\/span> realize o preenchimento do formul\u00e1rio <a href=\"https:\/\/forms.gle\/pmdc8DVm9kCPvveNA\"><strong>AGENDAMENTO DE DEFESA DE EST\u00c1GIOS &#8211; SIG I<\/strong><\/a> .<\/p>\n<p><!-- \/wp:paragraph --><\/p>\n<p><!-- wp:paragraph --><\/p>\n<p>De modo a gerar as atas\/atestados em tempo h\u00e1bil por parte da Secretaria Integrada de Gradua\u00e7\u00e3o I, pede-se que o <span style=\"text-decoration: underline\"><strong>preenchimento<\/strong><\/span> se d\u00ea com <span style=\"text-decoration: underline\"><strong>no m\u00ednimo 15 dias de anteced\u00eancia<\/strong><\/span> \u00e0 data da defesa.<\/p>\n<p><!-- \/wp:paragraph --><\/p>\n<p><!-- wp:paragraph --><\/p>\n<p><!-- \/wp:paragraph --><\/p>\n<p><!-- wp:table --><\/p>\n<figure class=\"wp-block-table\">\n<table>\n<tbody>\n<tr>\n<td style=\"width: 114.656px\">\u00a0<\/td>\n<td style=\"width: 98.3594px\"><strong>Quem solicita<\/strong><\/td>\n<td style=\"width: 112.062px\"><strong>Prazo de agendamento<\/strong><\/td>\n<td class=\"has-text-align-left\" style=\"width: 140.906px\" data-align=\"left\"><strong>Onde agendar<\/strong><\/td>\n<\/tr>\n<tr>\n<td style=\"width: 114.656px\"><strong>Agendamento Defesa de Est\u00e1gio &#8211; Arquivologia<\/strong><\/td>\n<td style=\"width: 98.3594px\">Orientador(a)<\/td>\n<td style=\"width: 112.062px\">At\u00e9 15 dias antes da data da defesa<\/td>\n<td class=\"has-text-align-left\" style=\"width: 140.906px\" data-align=\"left\"><a href=\"https:\/\/forms.gle\/pmdc8DVm9kCPvveNA\"><strong>AGENDAMENTO DE DEFESA DE EST\u00c1GIOS &#8211; SIG I<\/strong><\/a><\/td>\n<\/tr>\n<\/tbody>\n<\/table>\n<\/figure>\n<p><!-- \/wp:table --><\/p>\n<p><!-- wp:paragraph --><\/p>\n<p>Para mais informa\u00e7\u00f5es, entre em contato com a secretaria integrada atrav\u00e9s do e-mail <a href=\"mailto:graduacao74a.ccsh@ufsm.br\">graduacao74a.ccsh@ufsm.br<\/a><\/p>\n<p><!-- \/wp:paragraph --><\/p>\t\t\t\t\t\t<\/div>\n\t\t\t\t<\/div>\n\t\t\t\t\t<\/div>\n\t\t<\/div>\n\t\t\t\t\t<\/div>\n\t\t<\/section>\n\t\t\t\t<\/div>\n\t\t","protected":false},"excerpt":{"rendered":"<p>A Coordena\u00e7\u00e3o do Curso de Arquivologia informa a comunidade acad\u00eamica sobre os procedimentos para o agendamento das defesas de est\u00e1gio. Solicita-se que O(A) ORIENTADOR(A) realize o preenchimento do formul\u00e1rio AGENDAMENTO DE DEFESA DE EST\u00c1GIOS &#8211; SIG I . De modo a gerar as atas\/atestados em tempo h\u00e1bil por parte da Secretaria Integrada de Gradua\u00e7\u00e3o I, [&hellip;]<\/p>\n","protected":false},"author":7434,"featured_media":0,"comment_status":"closed","ping_status":"closed","sticky":false,"template":"","format":"standard","meta":{"footnotes":""},"categories":[2],"tags":[43,44,31],"class_list":["post-1426","post","type-post","status-publish","format-standard","hentry","category-noticias","tag-agendamento","tag-defesa-de-estagio","tag-estagio"],"acf":[],"_links":{"self":[{"href":"https:\/\/www.ufsm.br\/cursos\/graduacao\/santa-maria\/arquivologia\/wp-json\/wp\/v2\/posts\/1426","targetHints":{"allow":["GET"]}}],"collection":[{"href":"https:\/\/www.ufsm.br\/cursos\/graduacao\/santa-maria\/arquivologia\/wp-json\/wp\/v2\/posts"}],"about":[{"href":"https:\/\/www.ufsm.br\/cursos\/graduacao\/santa-maria\/arquivologia\/wp-json\/wp\/v2\/types\/post"}],"author":[{"embeddable":true,"href":"https:\/\/www.ufsm.br\/cursos\/graduacao\/santa-maria\/arquivologia\/wp-json\/wp\/v2\/users\/7434"}],"replies":[{"embeddable":true,"href":"https:\/\/www.ufsm.br\/cursos\/graduacao\/santa-maria\/arquivologia\/wp-json\/wp\/v2\/comments?post=1426"}],"version-history":[{"count":0,"href":"https:\/\/www.ufsm.br\/cursos\/graduacao\/santa-maria\/arquivologia\/wp-json\/wp\/v2\/posts\/1426\/revisions"}],"wp:attachment":[{"href":"https:\/\/www.ufsm.br\/cursos\/graduacao\/santa-maria\/arquivologia\/wp-json\/wp\/v2\/media?parent=1426"}],"wp:term":[{"taxonomy":"category","embeddable":true,"href":"https:\/\/www.ufsm.br\/cursos\/graduacao\/santa-maria\/arquivologia\/wp-json\/wp\/v2\/categories?post=1426"},{"taxonomy":"post_tag","embeddable":true,"href":"https:\/\/www.ufsm.br\/cursos\/graduacao\/santa-maria\/arquivologia\/wp-json\/wp\/v2\/tags?post=1426"}],"curies":[{"name":"wp","href":"https:\/\/api.w.org\/{rel}","templated":true}]}}