{"id":2415,"date":"2022-09-12T07:30:00","date_gmt":"2022-09-12T10:30:00","guid":{"rendered":"https:\/\/www.ufsm.br\/cursos\/graduacao\/santa-maria\/ciencias-contabeis\/?p=2415"},"modified":"2022-09-09T16:46:46","modified_gmt":"2022-09-09T19:46:46","slug":"vagas-disponiveis-para-trainee-de-auditoria","status":"publish","type":"post","link":"https:\/\/www.ufsm.br\/cursos\/graduacao\/santa-maria\/ciencias-contabeis\/2022\/09\/12\/vagas-disponiveis-para-trainee-de-auditoria","title":{"rendered":"Vagas dispon\u00edveis para Trainee de Auditoria"},"content":{"rendered":"\n<div class=\"wp-block-media-text alignwide has-media-on-the-right is-stacked-on-mobile is-vertically-aligned-top\"><figure class=\"wp-block-media-text__media\"><img decoding=\"async\" src=\"https:\/\/www.ufsm.br\/app\/uploads\/sites\/477\/2022\/09\/Seja-auditor-especialista-em-tributos--1024x1024.jpg\" alt=\"\" class=\"wp-image-2416 size-full\" \/><\/figure><div class=\"wp-block-media-text__content\">\n<p class=\"wp-block-paragraph\"><strong>Confira os requisitos e benef\u00edcios abaixo<\/strong>&nbsp;\u2935<\/p>\n\n\n\n<p class=\"wp-block-paragraph\"><img decoding=\"async\" alt=\"\ud83c\udfaf\" src=\"https:\/\/fonts.gstatic.com\/s\/e\/notoemoji\/14.0\/1f3af\/32.png\">&nbsp;Estamos em busca de pessoas estudiosas, com iniciativa, perspic\u00e1cia, mente anal\u00edtica e que tenham perspectiva de se desenvolver e crescer como profissional de auditoria ou de outra \u00e1rea da contabilidade.<\/p>\n\n\n\n<p class=\"wp-block-paragraph\">REQUISITOS:<\/p>\n\n\n\n<p class=\"wp-block-paragraph\"><img decoding=\"async\" alt=\"\u2714\" src=\"https:\/\/fonts.gstatic.com\/s\/e\/notoemoji\/14.0\/2714\/32.png\">\ufe0f Bacharel em Ci\u00eancias Cont\u00e1beis ou com previs\u00e3o de formatura para 2023;<\/p>\n\n\n\n<p class=\"wp-block-paragraph\"><img decoding=\"async\" alt=\"\u2714\" src=\"https:\/\/fonts.gstatic.com\/s\/e\/notoemoji\/14.0\/2714\/32.png\">\ufe0f Viv\u00eancia pr\u00e1tica de PIS e COFINS (regimes cumulativos e n\u00e3o cumulativos), ICMS, IPI e demais tributos, exceto Imposto de Renda e Contribui\u00e7\u00e3o Social.<\/p>\n\n\n\n<p class=\"wp-block-paragraph\"><img decoding=\"async\" alt=\"\u2714\" src=\"https:\/\/fonts.gstatic.com\/s\/e\/notoemoji\/14.0\/2714\/32.png\">\ufe0f Disponibilidade para viagens.<\/p>\n\n\n\n<p class=\"wp-block-paragraph\">BENEF\u00cdCIOS:<\/p>\n\n\n\n<p class=\"wp-block-paragraph\"><img decoding=\"async\" alt=\"\u2714\" src=\"https:\/\/fonts.gstatic.com\/s\/e\/notoemoji\/14.0\/2714\/32.png\">\ufe0f Programa de treinamento e desenvolvimento profissional;<\/p>\n\n\n\n<p class=\"wp-block-paragraph\"><img decoding=\"async\" alt=\"\u2714\" src=\"https:\/\/fonts.gstatic.com\/s\/e\/notoemoji\/14.0\/2714\/32.png\">\ufe0f Oportunidade de executar trabalhos e conhecer a din\u00e2mica de empresas de m\u00e9dio e grande porte em todo o territ\u00f3rio nacional;<\/p>\n\n\n\n<p class=\"wp-block-paragraph\"><img decoding=\"async\" alt=\"\u2714\" src=\"https:\/\/fonts.gstatic.com\/s\/e\/notoemoji\/14.0\/2714\/32.png\">\ufe0f Plano de carreira;<\/p>\n\n\n\n<p class=\"wp-block-paragraph\"><img decoding=\"async\" alt=\"\u2714\" src=\"https:\/\/fonts.gstatic.com\/s\/e\/notoemoji\/14.0\/2714\/32.png\">\ufe0f Patroc\u00ednio de p\u00f3s-gradua\u00e7\u00e3o;<\/p>\n\n\n\n<p class=\"wp-block-paragraph\"><img decoding=\"async\" alt=\"\u2714\" src=\"https:\/\/fonts.gstatic.com\/s\/e\/notoemoji\/14.0\/2714\/32.png\">\ufe0f Aux\u00edlio para aquisi\u00e7\u00e3o de vestimentas de uso profissional;<\/p>\n\n\n\n<p class=\"wp-block-paragraph\"><img decoding=\"async\" alt=\"\u2714\" src=\"https:\/\/fonts.gstatic.com\/s\/e\/notoemoji\/14.0\/2714\/32.png\">\ufe0f Vale-alimenta\u00e7\u00e3o;<\/p>\n\n\n\n<p class=\"wp-block-paragraph\"><img decoding=\"async\" alt=\"\u2714\" src=\"https:\/\/fonts.gstatic.com\/s\/e\/notoemoji\/14.0\/2714\/32.png\">\ufe0f Vale-transporte;<\/p>\n\n\n\n<p class=\"wp-block-paragraph\"><img decoding=\"async\" alt=\"\u2714\" src=\"https:\/\/fonts.gstatic.com\/s\/e\/notoemoji\/14.0\/2714\/32.png\">\ufe0f&nbsp;Sal\u00e1rio inicial para&nbsp;<strong>formandos<\/strong>:&nbsp;<strong>R$ 2.500,00.<\/strong><\/p>\n\n\n\n<p class=\"wp-block-paragraph\"><img decoding=\"async\" alt=\"\u2714\" src=\"https:\/\/fonts.gstatic.com\/s\/e\/notoemoji\/14.0\/2714\/32.png\">\ufe0f&nbsp;Sal\u00e1rio inicial para&nbsp;<strong>profissionais formados<\/strong>&nbsp;em ci\u00eancias cont\u00e1beis:&nbsp;<strong>R$ 3.000,00.<\/strong><\/p>\n\n\n\n<p class=\"wp-block-paragraph\">*O sal\u00e1rio inicial corresponde aos 2 primeiros meses de treinamento, ap\u00f3s esse per\u00edodo, segue conforme plano de cargos e sal\u00e1rios da empresa.<\/p>\n\n\n\n<p class=\"wp-block-paragraph\"><img decoding=\"async\" alt=\"\ud83d\udd62\" src=\"https:\/\/fonts.gstatic.com\/s\/e\/notoemoji\/14.0\/1f562\/32.png\">&nbsp;Turno: Integral, de segunda a sexta-feira.<\/p>\n\n\n\n<p class=\"wp-block-paragraph\"><img decoding=\"async\" alt=\"\ud83d\udcdd\" src=\"https:\/\/fonts.gstatic.com\/s\/e\/notoemoji\/14.0\/1f4dd\/32.png\">&nbsp;Contrato: CLT (Efetivo).<\/p>\n\n\n\n<p class=\"wp-block-paragraph\"><img decoding=\"async\" alt=\"\ud83d\udccd\" src=\"https:\/\/fonts.gstatic.com\/s\/e\/notoemoji\/14.0\/1f4cd\/32.png\">Endere\u00e7o: Rua Appel, 754, Bairro Nossa Sra. de F\u00e1tima \u2013 Santa Maria\/ RS &#8211; Perfectum Auditoria Independente.<\/p>\n\n\n\n<p class=\"wp-block-paragraph\"><img decoding=\"async\" alt=\"\ud83d\udce9\" src=\"https:\/\/fonts.gstatic.com\/s\/e\/notoemoji\/14.0\/1f4e9\/32.png\">&nbsp;Interessados devem encaminhar curr\u00edculo para o e-mail&nbsp;<a href=\"mailto:comercial@perfectum.com.br\" target=\"_blank\" rel=\"noreferrer noopener\">comercial@perfectum.com.br<\/a>, juntamente com o \u00faltimo hist\u00f3rico de mat\u00e9rias e notas emitidos pela universidade.<\/p>\n<\/div><\/div>\n","protected":false},"excerpt":{"rendered":"<p>Confira os requisitos e benef\u00edcios abaixo&nbsp;\u2935 &nbsp;Estamos em busca de pessoas estudiosas, com iniciativa, perspic\u00e1cia, mente anal\u00edtica e que tenham perspectiva de se desenvolver e crescer como profissional de auditoria ou de outra \u00e1rea da contabilidade. REQUISITOS: \ufe0f Bacharel em Ci\u00eancias Cont\u00e1beis ou com previs\u00e3o de formatura para 2023; \ufe0f Viv\u00eancia pr\u00e1tica de PIS e [&hellip;]<\/p>\n","protected":false},"author":2252,"featured_media":0,"comment_status":"closed","ping_status":"closed","sticky":false,"template":"","format":"standard","meta":{"footnotes":""},"categories":[17],"tags":[165,48,163,138,78],"class_list":["post-2415","post","type-post","status-publish","format-standard","hentry","category-oportunidades","tag-auditor","tag-contabeis","tag-jovem-contador","tag-trainee","tag-vaga"],"acf":[],"_links":{"self":[{"href":"https:\/\/www.ufsm.br\/cursos\/graduacao\/santa-maria\/ciencias-contabeis\/wp-json\/wp\/v2\/posts\/2415","targetHints":{"allow":["GET"]}}],"collection":[{"href":"https:\/\/www.ufsm.br\/cursos\/graduacao\/santa-maria\/ciencias-contabeis\/wp-json\/wp\/v2\/posts"}],"about":[{"href":"https:\/\/www.ufsm.br\/cursos\/graduacao\/santa-maria\/ciencias-contabeis\/wp-json\/wp\/v2\/types\/post"}],"author":[{"embeddable":true,"href":"https:\/\/www.ufsm.br\/cursos\/graduacao\/santa-maria\/ciencias-contabeis\/wp-json\/wp\/v2\/users\/2252"}],"replies":[{"embeddable":true,"href":"https:\/\/www.ufsm.br\/cursos\/graduacao\/santa-maria\/ciencias-contabeis\/wp-json\/wp\/v2\/comments?post=2415"}],"version-history":[{"count":0,"href":"https:\/\/www.ufsm.br\/cursos\/graduacao\/santa-maria\/ciencias-contabeis\/wp-json\/wp\/v2\/posts\/2415\/revisions"}],"wp:attachment":[{"href":"https:\/\/www.ufsm.br\/cursos\/graduacao\/santa-maria\/ciencias-contabeis\/wp-json\/wp\/v2\/media?parent=2415"}],"wp:term":[{"taxonomy":"category","embeddable":true,"href":"https:\/\/www.ufsm.br\/cursos\/graduacao\/santa-maria\/ciencias-contabeis\/wp-json\/wp\/v2\/categories?post=2415"},{"taxonomy":"post_tag","embeddable":true,"href":"https:\/\/www.ufsm.br\/cursos\/graduacao\/santa-maria\/ciencias-contabeis\/wp-json\/wp\/v2\/tags?post=2415"}],"curies":[{"name":"wp","href":"https:\/\/api.w.org\/{rel}","templated":true}]}}