{"id":1373,"date":"2022-09-19T08:04:00","date_gmt":"2022-09-19T11:04:00","guid":{"rendered":"https:\/\/www.ufsm.br\/cursos\/graduacao\/santa-maria\/ciencias-economicas\/?p=1373"},"modified":"2022-09-15T09:07:51","modified_gmt":"2022-09-15T12:07:51","slug":"ciclo-de-capacitacoes-virtuais-e-gratuitas-das-bibliotecas-ufsm-com-certificacao-digital%ef%bf%bc","status":"publish","type":"post","link":"https:\/\/www.ufsm.br\/cursos\/graduacao\/santa-maria\/ciencias-economicas\/2022\/09\/19\/ciclo-de-capacitacoes-virtuais-e-gratuitas-das-bibliotecas-ufsm-com-certificacao-digital%ef%bf%bc","title":{"rendered":"Ciclo de Capacita\u00e7\u00f5es Virtuais e Gratuitas das Bibliotecas UFSM com Certifica\u00e7\u00e3o Digital"},"content":{"rendered":"\n<p style=\"font-weight: 400\">As bibliotecas da UFSM em parceria com representantes da editora Elsevier ir\u00e3o ofertar o\u00a0<strong><a href=\"https:\/\/www.ufsm.br\/orgaos-suplementares\/biblioteca\/eventos\/1ciclobibliotecasciencedirect\/\" data-saferedirecturl=\"https:\/\/www.google.com\/url?q=https:\/\/www.ufsm.br\/orgaos-suplementares\/biblioteca\/eventos\/1ciclobibliotecasciencedirect\/&amp;source=gmail&amp;ust=1663324891180000&amp;usg=AOvVaw1VV3yrdWwAcVC8GzOByZAO\">1\u00ba Ciclo de Capacita\u00e7\u00f5es Virtuais de 2022<\/a>.\u00a0<\/strong>Pedimos gentilmente, que divulguem aos docentes, estudantes de gradua\u00e7\u00e3o e p\u00f3s-gradua\u00e7\u00e3o de seus respectivos Centros de Ensino.<\/p>\n<p style=\"font-weight: 400\"><strong>Seguem cronograma e links de inscri\u00e7\u00f5es<\/strong><\/p>\n<p><strong>27\/09<\/strong>\u00a0\u00e0s 10h|<strong>\u00a0ScienceDirect:\u00a0<\/strong>al\u00e9m do texto completo<\/p>\n<p>Link de Inscri\u00e7\u00e3o:\u00a0<strong><a href=\"https:\/\/elsevier.zoom.us\/webinar\/register\/WN_BGIGKnoUTS6Wy6FvsNvj8Q\" data-saferedirecturl=\"https:\/\/www.google.com\/url?q=https:\/\/elsevier.zoom.us\/webinar\/register\/WN_BGIGKnoUTS6Wy6FvsNvj8Q&amp;source=gmail&amp;ust=1663324891180000&amp;usg=AOvVaw2vf8KMSnmNHm2quAGzdelg\">https:\/\/elsevier.zoom.us\/webinar\/register\/WN_BGIGKnoUTS6Wy6FvsNvj8Q<\/a><\/strong><\/p>\n<p><strong>\u00a0<\/strong><\/p>\n<p><strong>29\/09\u00a0<\/strong>\u00e0s 10h|\u00a0<strong>Scopus<\/strong>: um mundo de informa\u00e7\u00f5es cient\u00edficas ao seu alcance<\/p>\n<p>Link de Inscri\u00e7\u00e3o:\u00a0<a href=\"https:\/\/elsevier.zoom.us\/webinar\/register\/WN_NTbDKJ10Q9ylUQNxMyjimg\" data-saferedirecturl=\"https:\/\/www.google.com\/url?q=https:\/\/elsevier.zoom.us\/webinar\/register\/WN_NTbDKJ10Q9ylUQNxMyjimg&amp;source=gmail&amp;ust=1663324891181000&amp;usg=AOvVaw265tP1jUGA3TzdeNzu6cnL\"><strong>https:\/\/elsevier.zoom.us\/webinar\/register\/WN_NTbDKJ10Q9ylUQNxMyjimg<\/strong><\/a><\/p>\n<p>\u00a0<\/p>\n<p><strong>06\/10\u00a0<\/strong>\u00e0s 14h|\u00a0<strong>Explorando Mendeley<\/strong>: o Gestor de Refer\u00eancias da\u00a0Elsevier<\/p>\n<p>Link de Inscri\u00e7\u00e3o:\u00a0<a href=\"https:\/\/elsevier.zoom.us\/webinar\/register\/WN_H_kyeaLPTQSTTYa1O-fX1A\" data-saferedirecturl=\"https:\/\/www.google.com\/url?q=https:\/\/elsevier.zoom.us\/webinar\/register\/WN_H_kyeaLPTQSTTYa1O-fX1A&amp;source=gmail&amp;ust=1663324891181000&amp;usg=AOvVaw1EpgtkGTpM0Uq6C7kG0daF\"><strong>https:\/\/elsevier.zoom.us\/webinar\/register\/WN_H_kyeaLPTQSTTYa1O-fX1A<\/strong><\/a><\/p>\n<p>Mais informa\u00e7\u00f5es:<a href=\"mailto:referenciabc@ufsm.br\">\u00a0referenciabc@ufsm.br<\/a>\u00a0<\/p>\n<p>Fone: (55) 3220 &#8211; 6146<\/p>\n\n\n\n<figure class=\"wp-block-gallery has-nested-images columns-default is-cropped wp-block-gallery-1 is-layout-flex wp-block-gallery-is-layout-flex\">\n<figure class=\"wp-block-image size-large\"><img fetchpriority=\"high\" decoding=\"async\" width=\"756\" height=\"756\" data-id=\"1376\" src=\"https:\/\/www.ufsm.br\/app\/uploads\/sites\/478\/2022\/09\/Mendeley-06-10.jpg\" alt=\"\" class=\"wp-image-1376\" srcset=\"https:\/\/www.ufsm.br\/app\/uploads\/sites\/478\/2022\/09\/Mendeley-06-10.jpg 756w, https:\/\/www.ufsm.br\/app\/uploads\/sites\/478\/2022\/09\/Mendeley-06-10-300x300.jpg 300w, https:\/\/www.ufsm.br\/app\/uploads\/sites\/478\/2022\/09\/Mendeley-06-10-150x150.jpg 150w\" sizes=\"(max-width: 756px) 100vw, 756px\" \/><\/figure>\n\n\n\n<figure class=\"wp-block-image size-large\"><img decoding=\"async\" width=\"756\" height=\"756\" data-id=\"1375\" src=\"https:\/\/www.ufsm.br\/app\/uploads\/sites\/478\/2022\/09\/Scopus-29-09.jpg\" alt=\"\" class=\"wp-image-1375\" srcset=\"https:\/\/www.ufsm.br\/app\/uploads\/sites\/478\/2022\/09\/Scopus-29-09.jpg 756w, https:\/\/www.ufsm.br\/app\/uploads\/sites\/478\/2022\/09\/Scopus-29-09-300x300.jpg 300w, https:\/\/www.ufsm.br\/app\/uploads\/sites\/478\/2022\/09\/Scopus-29-09-150x150.jpg 150w\" sizes=\"(max-width: 756px) 100vw, 756px\" \/><\/figure>\n\n\n\n<figure class=\"wp-block-image size-large\"><img decoding=\"async\" width=\"756\" height=\"756\" data-id=\"1374\" src=\"https:\/\/www.ufsm.br\/app\/uploads\/sites\/478\/2022\/09\/ScienceDirect-27-09.jpg\" alt=\"\" class=\"wp-image-1374\" srcset=\"https:\/\/www.ufsm.br\/app\/uploads\/sites\/478\/2022\/09\/ScienceDirect-27-09.jpg 756w, https:\/\/www.ufsm.br\/app\/uploads\/sites\/478\/2022\/09\/ScienceDirect-27-09-300x300.jpg 300w, https:\/\/www.ufsm.br\/app\/uploads\/sites\/478\/2022\/09\/ScienceDirect-27-09-150x150.jpg 150w\" sizes=\"(max-width: 756px) 100vw, 756px\" \/><\/figure>\n<\/figure>\n\n\n\n<div class=\"wp-block-file\"><a id=\"wp-block-file--media-9c6fa651-a5be-4b0c-b3d4-c33f1519baf3\" href=\"https:\/\/www.ufsm.br\/app\/uploads\/sites\/478\/2022\/09\/Mendeley-06-10-22.pdf\">Mendeley-06-10-22<\/a><a href=\"https:\/\/www.ufsm.br\/app\/uploads\/sites\/478\/2022\/09\/Mendeley-06-10-22.pdf\" class=\"wp-block-file__button\" download aria-describedby=\"wp-block-file--media-9c6fa651-a5be-4b0c-b3d4-c33f1519baf3\">Baixar<\/a><\/div>\n\n\n\n<div class=\"wp-block-file\"><a id=\"wp-block-file--media-08c2a198-f45d-4a12-ad23-823a92f89df1\" href=\"https:\/\/www.ufsm.br\/app\/uploads\/sites\/478\/2022\/09\/Scopus-29-09-22.pdf\">Scopus-29-09-22<\/a><a href=\"https:\/\/www.ufsm.br\/app\/uploads\/sites\/478\/2022\/09\/Scopus-29-09-22.pdf\" class=\"wp-block-file__button\" download aria-describedby=\"wp-block-file--media-08c2a198-f45d-4a12-ad23-823a92f89df1\">Baixar<\/a><\/div>\n\n\n\n<div class=\"wp-block-file\"><a id=\"wp-block-file--media-55d4fd95-8d71-42f5-8c35-7d975f2c67e3\" href=\"https:\/\/www.ufsm.br\/app\/uploads\/sites\/478\/2022\/09\/ScienceDirect-27-09-22.pdf\">ScienceDirect-27-09-22<\/a><a href=\"https:\/\/www.ufsm.br\/app\/uploads\/sites\/478\/2022\/09\/ScienceDirect-27-09-22.pdf\" class=\"wp-block-file__button\" download aria-describedby=\"wp-block-file--media-55d4fd95-8d71-42f5-8c35-7d975f2c67e3\">Baixar<\/a><\/div>\n","protected":false},"excerpt":{"rendered":"<p>As bibliotecas da UFSM em parceria com representantes da editora Elsevier ir\u00e3o ofertar o\u00a01\u00ba Ciclo de Capacita\u00e7\u00f5es Virtuais de 2022.\u00a0Pedimos gentilmente, que divulguem aos docentes, estudantes de gradua\u00e7\u00e3o e p\u00f3s-gradua\u00e7\u00e3o de seus respectivos Centros de Ensino. Seguem cronograma e links de inscri\u00e7\u00f5es 27\/09\u00a0\u00e0s 10h|\u00a0ScienceDirect:\u00a0al\u00e9m do texto completo Link de Inscri\u00e7\u00e3o:\u00a0https:\/\/elsevier.zoom.us\/webinar\/register\/WN_BGIGKnoUTS6Wy6FvsNvj8Q \u00a0 29\/09\u00a0\u00e0s 10h|\u00a0Scopus: um mundo [&hellip;]<\/p>\n","protected":false},"author":2252,"featured_media":0,"comment_status":"closed","ping_status":"closed","sticky":false,"template":"","format":"standard","meta":{"footnotes":""},"categories":[19],"tags":[138,139],"class_list":["post-1373","post","type-post","status-publish","format-standard","hentry","category-oportunidades","tag-biblioteca","tag-capacitacao"],"acf":[],"_links":{"self":[{"href":"https:\/\/www.ufsm.br\/cursos\/graduacao\/santa-maria\/ciencias-economicas\/wp-json\/wp\/v2\/posts\/1373","targetHints":{"allow":["GET"]}}],"collection":[{"href":"https:\/\/www.ufsm.br\/cursos\/graduacao\/santa-maria\/ciencias-economicas\/wp-json\/wp\/v2\/posts"}],"about":[{"href":"https:\/\/www.ufsm.br\/cursos\/graduacao\/santa-maria\/ciencias-economicas\/wp-json\/wp\/v2\/types\/post"}],"author":[{"embeddable":true,"href":"https:\/\/www.ufsm.br\/cursos\/graduacao\/santa-maria\/ciencias-economicas\/wp-json\/wp\/v2\/users\/2252"}],"replies":[{"embeddable":true,"href":"https:\/\/www.ufsm.br\/cursos\/graduacao\/santa-maria\/ciencias-economicas\/wp-json\/wp\/v2\/comments?post=1373"}],"version-history":[{"count":0,"href":"https:\/\/www.ufsm.br\/cursos\/graduacao\/santa-maria\/ciencias-economicas\/wp-json\/wp\/v2\/posts\/1373\/revisions"}],"wp:attachment":[{"href":"https:\/\/www.ufsm.br\/cursos\/graduacao\/santa-maria\/ciencias-economicas\/wp-json\/wp\/v2\/media?parent=1373"}],"wp:term":[{"taxonomy":"category","embeddable":true,"href":"https:\/\/www.ufsm.br\/cursos\/graduacao\/santa-maria\/ciencias-economicas\/wp-json\/wp\/v2\/categories?post=1373"},{"taxonomy":"post_tag","embeddable":true,"href":"https:\/\/www.ufsm.br\/cursos\/graduacao\/santa-maria\/ciencias-economicas\/wp-json\/wp\/v2\/tags?post=1373"}],"curies":[{"name":"wp","href":"https:\/\/api.w.org\/{rel}","templated":true}]}}