{"id":2328,"date":"2023-11-06T18:10:55","date_gmt":"2023-11-06T21:10:55","guid":{"rendered":"https:\/\/www.ufsm.br\/cursos\/graduacao\/santa-maria\/ciencias-economicas\/?p=2328"},"modified":"2023-11-06T18:15:53","modified_gmt":"2023-11-06T21:15:53","slug":"curso-de-economia-da-ufsm-no-41o-seurs","status":"publish","type":"post","link":"https:\/\/www.ufsm.br\/cursos\/graduacao\/santa-maria\/ciencias-economicas\/2023\/11\/06\/curso-de-economia-da-ufsm-no-41o-seurs","title":{"rendered":"<strong>Curso de Economia da UFSM no 41\u00ba SEURS<\/strong>"},"content":{"rendered":"\n<p class=\"wp-block-paragraph\">Em 2022, durante a 37\u00aa Jornada Acad\u00eamica Integrada da UFSM, o Sumo Educacional realizou a apresenta\u00e7\u00e3o de alguns trabalhos nos Sal\u00f5es de Inicia\u00e7\u00e3o Cient\u00edfica e Extens\u00e3o. Passados alguns meses, recebemos a not\u00edcia que um de nossos trabalhos apresentados durante a 37\u00aa JAI foi selecionado pela UFSM para representar &nbsp;a Universidade durante o 41\u00ba SEURS, em Ponta Grossa\/PR. Sob o t\u00edtulo &#8220;Terceira fase de capacita\u00e7\u00e3o de professores da rede p\u00fablica sobre a tem\u00e1tica de educa\u00e7\u00e3o financeira desenvolvida pelo Projeto Sumo&#8221;, o trabalho foi desenvolvido pelos acad\u00eamicos Beatriz Taveira e Paulo Fronza, sob orienta\u00e7\u00e3o da Prof\u00aa Dr\u00aa Kelmara Mendes Vieira.<\/p>\n\n\n\n<p class=\"wp-block-paragraph\">O 41\u00ba SEURS &#8211; Semin\u00e1rio de Extens\u00e3o Universit\u00e1ria da Regi\u00e3o Sul re\u00fane anualmente dirigentes e agentes extensionistas da Regi\u00e3o Sul. O Evento busca promover, discutir e difundir a extens\u00e3o universit\u00e1ria, por meio do interc\u00e2mbio entre as institui\u00e7\u00f5es participantes. Em 2023 a UFSM teve 13 trabalhos encaminhados ao SEURS, dentre eles o do Sumo. A participa\u00e7\u00e3o durante os dias 25, 26 e 27\/10 na Universidade Estadual de Ponta Grossa possibilitou muitas outras trocas, e in\u00fameras conex\u00f5es para o fortalecimento da extens\u00e3o universit\u00e1ria.<\/p>\n\n\n\n<p class=\"wp-block-paragraph\">Na ocasi\u00e3o, o Sumo Educacional foi representado por Beatriz Taveira e Marina Machado, que junto da comitiva da UFSM estiveram no evento, e realizaram a apresenta\u00e7\u00e3o em um dos espa\u00e7os reservados para isso.<\/p>\n\n\n\n<figure class=\"wp-block-gallery has-nested-images columns-default is-cropped wp-block-gallery-1 is-layout-flex wp-block-gallery-is-layout-flex\">\n<figure class=\"wp-block-image size-large\"><img fetchpriority=\"high\" decoding=\"async\" width=\"1024\" height=\"461\" data-id=\"2334\" src=\"https:\/\/www.ufsm.br\/app\/uploads\/sites\/478\/2023\/11\/WhatsApp-Image-2023-11-02-at-09.54.10-2-1-1024x461.jpeg\" alt=\"\" class=\"wp-image-2334\" srcset=\"https:\/\/www.ufsm.br\/app\/uploads\/sites\/478\/2023\/11\/WhatsApp-Image-2023-11-02-at-09.54.10-2-1-1024x461.jpeg 1024w, https:\/\/www.ufsm.br\/app\/uploads\/sites\/478\/2023\/11\/WhatsApp-Image-2023-11-02-at-09.54.10-2-1-300x135.jpeg 300w, https:\/\/www.ufsm.br\/app\/uploads\/sites\/478\/2023\/11\/WhatsApp-Image-2023-11-02-at-09.54.10-2-1-768x346.jpeg 768w, https:\/\/www.ufsm.br\/app\/uploads\/sites\/478\/2023\/11\/WhatsApp-Image-2023-11-02-at-09.54.10-2-1-1536x692.jpeg 1536w, https:\/\/www.ufsm.br\/app\/uploads\/sites\/478\/2023\/11\/WhatsApp-Image-2023-11-02-at-09.54.10-2-1.jpeg 1600w\" sizes=\"(max-width: 1024px) 100vw, 1024px\" \/><\/figure>\n\n\n\n<figure class=\"wp-block-image size-large\"><img decoding=\"async\" width=\"1024\" height=\"768\" data-id=\"2333\" src=\"https:\/\/www.ufsm.br\/app\/uploads\/sites\/478\/2023\/11\/WhatsApp-Image-2023-11-02-at-09.54.10-4-1024x768.jpeg\" alt=\"\" class=\"wp-image-2333\" srcset=\"https:\/\/www.ufsm.br\/app\/uploads\/sites\/478\/2023\/11\/WhatsApp-Image-2023-11-02-at-09.54.10-4-1024x768.jpeg 1024w, https:\/\/www.ufsm.br\/app\/uploads\/sites\/478\/2023\/11\/WhatsApp-Image-2023-11-02-at-09.54.10-4-300x225.jpeg 300w, https:\/\/www.ufsm.br\/app\/uploads\/sites\/478\/2023\/11\/WhatsApp-Image-2023-11-02-at-09.54.10-4-768x576.jpeg 768w, https:\/\/www.ufsm.br\/app\/uploads\/sites\/478\/2023\/11\/WhatsApp-Image-2023-11-02-at-09.54.10-4-1536x1152.jpeg 1536w, https:\/\/www.ufsm.br\/app\/uploads\/sites\/478\/2023\/11\/WhatsApp-Image-2023-11-02-at-09.54.10-4.jpeg 1600w\" sizes=\"(max-width: 1024px) 100vw, 1024px\" \/><\/figure>\n<\/figure>\n\n\n\n<figure class=\"wp-block-gallery has-nested-images columns-default is-cropped wp-block-gallery-2 is-layout-flex wp-block-gallery-is-layout-flex\">\n<figure class=\"wp-block-image size-large\"><img decoding=\"async\" width=\"768\" height=\"1024\" data-id=\"2335\" src=\"https:\/\/www.ufsm.br\/app\/uploads\/sites\/478\/2023\/11\/WhatsApp-Image-2023-11-02-at-09.54.10-1-1-768x1024.jpeg\" alt=\"\" class=\"wp-image-2335\" srcset=\"https:\/\/www.ufsm.br\/app\/uploads\/sites\/478\/2023\/11\/WhatsApp-Image-2023-11-02-at-09.54.10-1-1-768x1024.jpeg 768w, https:\/\/www.ufsm.br\/app\/uploads\/sites\/478\/2023\/11\/WhatsApp-Image-2023-11-02-at-09.54.10-1-1-225x300.jpeg 225w, https:\/\/www.ufsm.br\/app\/uploads\/sites\/478\/2023\/11\/WhatsApp-Image-2023-11-02-at-09.54.10-1-1-1152x1536.jpeg 1152w, https:\/\/www.ufsm.br\/app\/uploads\/sites\/478\/2023\/11\/WhatsApp-Image-2023-11-02-at-09.54.10-1-1.jpeg 1200w\" sizes=\"(max-width: 768px) 100vw, 768px\" \/><\/figure>\n\n\n\n<figure class=\"wp-block-image size-large\"><img loading=\"lazy\" decoding=\"async\" width=\"768\" height=\"1024\" data-id=\"2336\" src=\"https:\/\/www.ufsm.br\/app\/uploads\/sites\/478\/2023\/11\/WhatsApp-Image-2023-11-02-at-09.54.10-3-1-768x1024.jpeg\" alt=\"\" class=\"wp-image-2336\" srcset=\"https:\/\/www.ufsm.br\/app\/uploads\/sites\/478\/2023\/11\/WhatsApp-Image-2023-11-02-at-09.54.10-3-1-768x1024.jpeg 768w, https:\/\/www.ufsm.br\/app\/uploads\/sites\/478\/2023\/11\/WhatsApp-Image-2023-11-02-at-09.54.10-3-1-225x300.jpeg 225w, https:\/\/www.ufsm.br\/app\/uploads\/sites\/478\/2023\/11\/WhatsApp-Image-2023-11-02-at-09.54.10-3-1-1152x1536.jpeg 1152w, https:\/\/www.ufsm.br\/app\/uploads\/sites\/478\/2023\/11\/WhatsApp-Image-2023-11-02-at-09.54.10-3-1.jpeg 1200w\" sizes=\"(max-width: 768px) 100vw, 768px\" \/><\/figure>\n<\/figure>\n","protected":false},"excerpt":{"rendered":"<p>Em 2022, durante a 37\u00aa Jornada Acad\u00eamica Integrada da UFSM, o Sumo Educacional realizou a apresenta\u00e7\u00e3o de alguns trabalhos nos Sal\u00f5es de Inicia\u00e7\u00e3o Cient\u00edfica e Extens\u00e3o. Passados alguns meses, recebemos a not\u00edcia que um de nossos trabalhos apresentados durante a 37\u00aa JAI foi selecionado pela UFSM para representar &nbsp;a Universidade durante o 41\u00ba SEURS, em [&hellip;]<\/p>\n","protected":false},"author":5198,"featured_media":0,"comment_status":"closed","ping_status":"closed","sticky":false,"template":"","format":"standard","meta":{"footnotes":""},"categories":[2],"tags":[],"class_list":["post-2328","post","type-post","status-publish","format-standard","hentry","category-noticias"],"acf":[],"_links":{"self":[{"href":"https:\/\/www.ufsm.br\/cursos\/graduacao\/santa-maria\/ciencias-economicas\/wp-json\/wp\/v2\/posts\/2328","targetHints":{"allow":["GET"]}}],"collection":[{"href":"https:\/\/www.ufsm.br\/cursos\/graduacao\/santa-maria\/ciencias-economicas\/wp-json\/wp\/v2\/posts"}],"about":[{"href":"https:\/\/www.ufsm.br\/cursos\/graduacao\/santa-maria\/ciencias-economicas\/wp-json\/wp\/v2\/types\/post"}],"author":[{"embeddable":true,"href":"https:\/\/www.ufsm.br\/cursos\/graduacao\/santa-maria\/ciencias-economicas\/wp-json\/wp\/v2\/users\/5198"}],"replies":[{"embeddable":true,"href":"https:\/\/www.ufsm.br\/cursos\/graduacao\/santa-maria\/ciencias-economicas\/wp-json\/wp\/v2\/comments?post=2328"}],"version-history":[{"count":0,"href":"https:\/\/www.ufsm.br\/cursos\/graduacao\/santa-maria\/ciencias-economicas\/wp-json\/wp\/v2\/posts\/2328\/revisions"}],"wp:attachment":[{"href":"https:\/\/www.ufsm.br\/cursos\/graduacao\/santa-maria\/ciencias-economicas\/wp-json\/wp\/v2\/media?parent=2328"}],"wp:term":[{"taxonomy":"category","embeddable":true,"href":"https:\/\/www.ufsm.br\/cursos\/graduacao\/santa-maria\/ciencias-economicas\/wp-json\/wp\/v2\/categories?post=2328"},{"taxonomy":"post_tag","embeddable":true,"href":"https:\/\/www.ufsm.br\/cursos\/graduacao\/santa-maria\/ciencias-economicas\/wp-json\/wp\/v2\/tags?post=2328"}],"curies":[{"name":"wp","href":"https:\/\/api.w.org\/{rel}","templated":true}]}}