{"id":2473,"date":"2024-08-19T18:43:20","date_gmt":"2024-08-19T21:43:20","guid":{"rendered":"https:\/\/www.ufsm.br\/cursos\/graduacao\/santa-maria\/ciencias-economicas\/?p=2473"},"modified":"2024-08-19T18:43:22","modified_gmt":"2024-08-19T21:43:22","slug":"ingresso-de-educadores-p-u-p-alternativa-2024-2-extensao","status":"publish","type":"post","link":"https:\/\/www.ufsm.br\/cursos\/graduacao\/santa-maria\/ciencias-economicas\/2024\/08\/19\/ingresso-de-educadores-p-u-p-alternativa-2024-2-extensao","title":{"rendered":"Ingresso de Educadores P.U.P Alternativa 2024\/2 [EXTENS\u00c3O]"},"content":{"rendered":"\n\n\n<figure class=\"wp-block-image size-large\"><img fetchpriority=\"high\" decoding=\"async\" width=\"1024\" height=\"279\" src=\"https:\/\/www.ufsm.br\/app\/uploads\/sites\/478\/2024\/08\/Esta-aberta-a-segunda-chamada-para-EDUCADORES-de-2024-1024x279.jpg\" alt=\"\" class=\"wp-image-2474\" srcset=\"https:\/\/www.ufsm.br\/app\/uploads\/sites\/478\/2024\/08\/Esta-aberta-a-segunda-chamada-para-EDUCADORES-de-2024-1024x279.jpg 1024w, https:\/\/www.ufsm.br\/app\/uploads\/sites\/478\/2024\/08\/Esta-aberta-a-segunda-chamada-para-EDUCADORES-de-2024-300x82.jpg 300w, https:\/\/www.ufsm.br\/app\/uploads\/sites\/478\/2024\/08\/Esta-aberta-a-segunda-chamada-para-EDUCADORES-de-2024-768x209.jpg 768w, https:\/\/www.ufsm.br\/app\/uploads\/sites\/478\/2024\/08\/Esta-aberta-a-segunda-chamada-para-EDUCADORES-de-2024-1536x419.jpg 1536w, https:\/\/www.ufsm.br\/app\/uploads\/sites\/478\/2024\/08\/Esta-aberta-a-segunda-chamada-para-EDUCADORES-de-2024.jpg 2000w\" sizes=\"(max-width: 1024px) 100vw, 1024px\" \/><\/figure>\n\n\n\n<div><b><span dir=\"auto\">Est\u00e1 aberta a CHAMADA GERAL DE EDUCADORES de 2024\/2 PARA O P.U.P ALTERNATIVA!<\/span><\/b><\/div>\n<div><b><span dir=\"auto\">\u00a0<\/span><\/b><\/div>\n<div><span dir=\"auto\"><b>O P.U.P Alternativa \u00e9 um programa de extens\u00e3o\u00a0<\/b><\/span><b>da UFSM<\/b>\u00a0vinculado \u00e0 Pr\u00f3 Reitoria de Extens\u00e3o (PRE), ao Laborat\u00f3rio de Metodologia de Ensino (LAMEN) e ao Observat\u00f3rio de Direitos Humanos da UFSM (ODH).<\/div>\n<div>\u00a0<\/div>\n<div><b>Nosso principal objetivo \u00e9 o ingresso de pessoas em situa\u00e7\u00e3o de vulnerabilidade social na Universidade atrav\u00e9s de aulas preparat\u00f3rias voltadas \u00e0 Educa\u00e7\u00e3o Popular.<\/b>\u00a0\u00c9 um projeto que existe h\u00e1 mais de 20 anos e conta com um corpo docente de 100\u00a0educadores\u00a0e atende anualmente cerca de 120 educandos, divididos em 4 turmas. As aulas acontecem no pr\u00e9dio da Antiga Reitoria (Floriano Peixoto, 1184, 1\u00ba andar) das 19h \u00e0s 22h. Estamos encerrando o semestre 2024\/1 e come\u00e7aremos o 2\u00ba semestre a partir do dia 02\/09.\u00a0<\/div>\n<div>\u00a0<\/div>\n<div>Estamos com vagas para\u00a0<b>todas as \u00e1reas do conhecimento!<\/b><\/div>\n<div>Aceitamos estudantes da\u00a0<b>licenciatura, bacharelado e p\u00f3s-gradua\u00e7\u00e3o!<\/b><\/div>\n<div>A atua\u00e7\u00e3o \u00e9\u00a0<b>volunt\u00e1ria<\/b>, com possibilidade de bolsas para Coordena\u00e7\u00e3o, mas com garantia de\u00a0<b>certifica\u00e7\u00e3o de horas de extens\u00e3o<\/b>.<\/div>\n<div>Interessados ser\u00e3o contatados pela coordena\u00e7\u00e3o das respectivas equipes e podem combinar quando e como v\u00e3o integrar a equipe.<\/div>\n<div>\u00a0<\/div>\n<div><b><a href=\"https:\/\/forms.gle\/Sb9sAcfADXWyeQRT7\" target=\"_blank\" rel=\"noopener\" data-saferedirecturl=\"https:\/\/www.google.com\/url?q=https:\/\/forms.gle\/Sb9sAcfADXWyeQRT7&amp;source=gmail&amp;ust=1724187163549000&amp;usg=AOvVaw3IuzcyskiNg6Lr0jzaNh99\">INSCRI\u00c7\u00d5ES AQUI<\/a><\/b><\/div>\n<div>\u00a0<\/div>\n<div>\u00a0<\/div>\n\n\n\n<figure class=\"wp-block-image size-large\"><img decoding=\"async\" width=\"1024\" height=\"1024\" src=\"https:\/\/www.ufsm.br\/app\/uploads\/sites\/478\/2024\/08\/1-1-1024x1024.jpg\" alt=\"\" class=\"wp-image-2475\" srcset=\"https:\/\/www.ufsm.br\/app\/uploads\/sites\/478\/2024\/08\/1-1-1024x1024.jpg 1024w, https:\/\/www.ufsm.br\/app\/uploads\/sites\/478\/2024\/08\/1-1-300x300.jpg 300w, https:\/\/www.ufsm.br\/app\/uploads\/sites\/478\/2024\/08\/1-1-150x150.jpg 150w, https:\/\/www.ufsm.br\/app\/uploads\/sites\/478\/2024\/08\/1-1-768x768.jpg 768w, https:\/\/www.ufsm.br\/app\/uploads\/sites\/478\/2024\/08\/1-1.jpg 1080w\" sizes=\"(max-width: 1024px) 100vw, 1024px\" \/><\/figure>\n\n\n\n\n\n<figure class=\"wp-block-image size-large\"><img decoding=\"async\" width=\"1024\" height=\"1024\" src=\"https:\/\/www.ufsm.br\/app\/uploads\/sites\/478\/2024\/08\/2-1024x1024.jpg\" alt=\"\" class=\"wp-image-2476\" srcset=\"https:\/\/www.ufsm.br\/app\/uploads\/sites\/478\/2024\/08\/2-1024x1024.jpg 1024w, https:\/\/www.ufsm.br\/app\/uploads\/sites\/478\/2024\/08\/2-300x300.jpg 300w, https:\/\/www.ufsm.br\/app\/uploads\/sites\/478\/2024\/08\/2-150x150.jpg 150w, https:\/\/www.ufsm.br\/app\/uploads\/sites\/478\/2024\/08\/2-768x768.jpg 768w, https:\/\/www.ufsm.br\/app\/uploads\/sites\/478\/2024\/08\/2.jpg 1080w\" sizes=\"(max-width: 1024px) 100vw, 1024px\" \/><\/figure>\n\n\n\n\n\n<figure class=\"wp-block-image size-large\"><img loading=\"lazy\" decoding=\"async\" width=\"1024\" height=\"1024\" src=\"https:\/\/www.ufsm.br\/app\/uploads\/sites\/478\/2024\/08\/3-1024x1024.jpg\" alt=\"\" class=\"wp-image-2477\" srcset=\"https:\/\/www.ufsm.br\/app\/uploads\/sites\/478\/2024\/08\/3-1024x1024.jpg 1024w, https:\/\/www.ufsm.br\/app\/uploads\/sites\/478\/2024\/08\/3-300x300.jpg 300w, https:\/\/www.ufsm.br\/app\/uploads\/sites\/478\/2024\/08\/3-150x150.jpg 150w, https:\/\/www.ufsm.br\/app\/uploads\/sites\/478\/2024\/08\/3-768x768.jpg 768w, https:\/\/www.ufsm.br\/app\/uploads\/sites\/478\/2024\/08\/3.jpg 1080w\" sizes=\"(max-width: 1024px) 100vw, 1024px\" \/><\/figure>\n","protected":false},"excerpt":{"rendered":"<p>Est\u00e1 aberta a CHAMADA GERAL DE EDUCADORES de 2024\/2 PARA O P.U.P ALTERNATIVA! \u00a0 O P.U.P Alternativa \u00e9 um programa de extens\u00e3o\u00a0da UFSM\u00a0vinculado \u00e0 Pr\u00f3 Reitoria de Extens\u00e3o (PRE), ao Laborat\u00f3rio de Metodologia de Ensino (LAMEN) e ao Observat\u00f3rio de Direitos Humanos da UFSM (ODH). \u00a0 Nosso principal objetivo \u00e9 o ingresso de pessoas em [&hellip;]<\/p>\n","protected":false},"author":5320,"featured_media":0,"comment_status":"closed","ping_status":"closed","sticky":false,"template":"","format":"standard","meta":{"footnotes":""},"categories":[2],"tags":[],"class_list":["post-2473","post","type-post","status-publish","format-standard","hentry","category-noticias"],"acf":[],"_links":{"self":[{"href":"https:\/\/www.ufsm.br\/cursos\/graduacao\/santa-maria\/ciencias-economicas\/wp-json\/wp\/v2\/posts\/2473","targetHints":{"allow":["GET"]}}],"collection":[{"href":"https:\/\/www.ufsm.br\/cursos\/graduacao\/santa-maria\/ciencias-economicas\/wp-json\/wp\/v2\/posts"}],"about":[{"href":"https:\/\/www.ufsm.br\/cursos\/graduacao\/santa-maria\/ciencias-economicas\/wp-json\/wp\/v2\/types\/post"}],"author":[{"embeddable":true,"href":"https:\/\/www.ufsm.br\/cursos\/graduacao\/santa-maria\/ciencias-economicas\/wp-json\/wp\/v2\/users\/5320"}],"replies":[{"embeddable":true,"href":"https:\/\/www.ufsm.br\/cursos\/graduacao\/santa-maria\/ciencias-economicas\/wp-json\/wp\/v2\/comments?post=2473"}],"version-history":[{"count":0,"href":"https:\/\/www.ufsm.br\/cursos\/graduacao\/santa-maria\/ciencias-economicas\/wp-json\/wp\/v2\/posts\/2473\/revisions"}],"wp:attachment":[{"href":"https:\/\/www.ufsm.br\/cursos\/graduacao\/santa-maria\/ciencias-economicas\/wp-json\/wp\/v2\/media?parent=2473"}],"wp:term":[{"taxonomy":"category","embeddable":true,"href":"https:\/\/www.ufsm.br\/cursos\/graduacao\/santa-maria\/ciencias-economicas\/wp-json\/wp\/v2\/categories?post=2473"},{"taxonomy":"post_tag","embeddable":true,"href":"https:\/\/www.ufsm.br\/cursos\/graduacao\/santa-maria\/ciencias-economicas\/wp-json\/wp\/v2\/tags?post=2473"}],"curies":[{"name":"wp","href":"https:\/\/api.w.org\/{rel}","templated":true}]}}