{"id":3138,"date":"2026-08-31T14:22:34","date_gmt":"2026-08-31T17:22:34","guid":{"rendered":"https:\/\/www.ufsm.br\/cursos\/graduacao\/santa-maria\/ciencias-economicas\/?p=3138"},"modified":"2026-08-31T14:53:51","modified_gmt":"2026-08-31T17:53:51","slug":"4a-edicao-do-ciclo-de-debates-economicos-acontece-em-setembro","status":"publish","type":"post","link":"https:\/\/www.ufsm.br\/cursos\/graduacao\/santa-maria\/ciencias-economicas\/2026\/08\/31\/4a-edicao-do-ciclo-de-debates-economicos-acontece-em-setembro","title":{"rendered":"<strong>4\u00aa Edi\u00e7\u00e3o do Ciclo de Debates Econ\u00f4micos acontece em setembro<\/strong>"},"content":{"rendered":"\t\t<div data-elementor-type=\"wp-post\" data-elementor-id=\"3138\" class=\"elementor elementor-3138\">\n\t\t\t\t\t\t<section class=\"elementor-section elementor-top-section elementor-element elementor-element-ad7a407 elementor-section-boxed elementor-section-height-default elementor-section-height-default\" data-id=\"ad7a407\" data-element_type=\"section\">\n\t\t\t\t\t\t<div class=\"elementor-container elementor-column-gap-default\">\n\t\t\t\t\t<div class=\"elementor-column elementor-col-100 elementor-top-column elementor-element elementor-element-2c85c65\" data-id=\"2c85c65\" data-element_type=\"column\">\n\t\t\t<div class=\"elementor-widget-wrap elementor-element-populated\">\n\t\t\t\t\t\t<div class=\"elementor-element elementor-element-c80e947 elementor-widget elementor-widget-text-editor\" data-id=\"c80e947\" data-element_type=\"widget\" data-widget_type=\"text-editor.default\">\n\t\t\t\t<div class=\"elementor-widget-container\">\n\t\t\t\t\t\t\t<div style=\"color: #222222;font-family: Arial, Helvetica, sans-serif;font-size: small\">\n<p class=\"MsoNormal\" style=\"margin: 0cm 0cm 8pt;line-height: 15.6933px;font-size: 11pt;font-family: Calibri, sans-serif\"><img fetchpriority=\"high\" decoding=\"async\" class=\"alignright wp-image-3140\" src=\"https:\/\/www.ufsm.br\/app\/uploads\/sites\/478\/2026\/08\/Apresentacao.jpeg\" alt=\"\" width=\"400\" height=\"400\" srcset=\"https:\/\/www.ufsm.br\/app\/uploads\/sites\/478\/2026\/08\/Apresentacao.jpeg 1024w, https:\/\/www.ufsm.br\/app\/uploads\/sites\/478\/2026\/08\/Apresentacao-300x300.jpeg 300w, https:\/\/www.ufsm.br\/app\/uploads\/sites\/478\/2026\/08\/Apresentacao-150x150.jpeg 150w, https:\/\/www.ufsm.br\/app\/uploads\/sites\/478\/2026\/08\/Apresentacao-768x768.jpeg 768w\" sizes=\"(max-width: 400px) 100vw, 400px\" \/>A Coordena\u00e7\u00e3o dos Cursos de Economia, juntamente com o Diret\u00f3rio Acad\u00eamico (DAECO), est\u00e1 organizando a quarta edi\u00e7\u00e3o do Evento Ciclo de Debates Econ\u00f4micos.\u00a0<\/p>\n<p class=\"MsoNormal\" style=\"margin: 0cm 0cm 8pt;line-height: 15.6933px;font-size: 11pt;font-family: Calibri, sans-serif\">O Evento tem por objetivo recepcionar os novos alunos e promover a intera\u00e7\u00e3o com os demais acad\u00eamicos do Curso e<span style=\"font-family: Calibri, sans-serif;font-size: 11pt\">\u00a0ser\u00e1 realizado no dia 03\/09\/2026 (quinta-feira), com in\u00edcio \u00e0s 19:00 horas, no audit\u00f3rio do CCSH.<\/span><\/p>\n<p class=\"MsoNormal\" style=\"margin: 0cm 0cm 8pt;line-height: 15.6933px;font-size: 11pt;font-family: Calibri, sans-serif\"><span style=\"font-family: Calibri, sans-serif;font-size: 11pt\">\u00a0<\/span><\/p>\n<p class=\"MsoNormal\" style=\"margin: 0cm 0cm 8pt;line-height: 15.6933px;font-size: 11pt;font-family: Calibri, sans-serif\">Segue abaixo a programa\u00e7\u00e3o do Evento:<\/p>\n<p class=\"MsoNormal\" style=\"margin: 0cm 0cm 8pt;line-height: 15.6933px;font-size: 11pt;font-family: Calibri, sans-serif\"><span style=\"font-size: 11pt;background-color: transparent\"> <img decoding=\"async\" class=\"alignleft wp-image-3141 size-large\" src=\"https:\/\/www.ufsm.br\/app\/uploads\/sites\/478\/2026\/08\/Programacao-576x1024.jpeg\" alt=\"\" width=\"576\" height=\"1024\" srcset=\"https:\/\/www.ufsm.br\/app\/uploads\/sites\/478\/2026\/08\/Programacao-576x1024.jpeg 576w, https:\/\/www.ufsm.br\/app\/uploads\/sites\/478\/2026\/08\/Programacao-169x300.jpeg 169w, https:\/\/www.ufsm.br\/app\/uploads\/sites\/478\/2026\/08\/Programacao-768x1365.jpeg 768w, https:\/\/www.ufsm.br\/app\/uploads\/sites\/478\/2026\/08\/Programacao-864x1536.jpeg 864w, https:\/\/www.ufsm.br\/app\/uploads\/sites\/478\/2026\/08\/Programacao.jpeg 900w\" sizes=\"(max-width: 576px) 100vw, 576px\" \/><\/span><\/p>\n<p class=\"MsoNormal\" style=\"margin: 0cm 0cm 8pt;line-height: 15.6933px;font-size: 11pt;font-family: Calibri, sans-serif\">Programa\u00e7\u00e3o:<\/p>\n<p class=\"MsoNormal\" style=\"margin: 0cm 0cm 8pt;line-height: 15.6933px;font-size: 11pt;font-family: Calibri, sans-serif\">19:00 horas &#8211; Abertura<\/p>\n<p class=\"MsoNormal\" style=\"margin: 0cm 0cm 8pt;line-height: 15.6933px;font-size: 11pt;font-family: Calibri, sans-serif\">19:10 horas \u2013 Prof\u00aa Kalinca Becker \u2013 Choques de Sa\u00fade e Vulnerabilidade Econ\u00f4mica das Fam\u00edlias<\/p>\n<p class=\"MsoNormal\" style=\"margin: 0cm 0cm 8pt;line-height: 15.6933px;font-size: 11pt;font-family: Calibri, sans-serif\">19:50 horas \u2013 Prof C\u00e9zar dos Santos \u2013 Novas Fontes de Receitas do Crime Organizado: Uma Nova Agenda de Pesquisas para a Ci\u00eancia Econ\u00f4mica?<\/p>\n<p class=\"MsoNormal\" style=\"margin: 0cm 0cm 8pt;line-height: 15.6933px;font-size: 11pt;font-family: Calibri, sans-serif\">20:30 horas \u2013 A\u00e7\u00f5es de Extens\u00e3o<\/p>\n<p class=\"MsoNormal\" style=\"margin: 0cm 0cm 8pt 35.4pt;line-height: 15.6933px;font-size: 11pt;font-family: Calibri, sans-serif\">&#8211; Prof Clailton Ata\u00eddes de Freitas &#8211; Consultoria Econ\u00f4mica-Financeira \u00e0s Micro, Pequenas e M\u00e9dias Empresas<\/p>\n<p class=\"MsoNormal\" style=\"margin: 0cm 0cm 8pt;text-indent: 35.4pt;line-height: 15.6933px;font-size: 11pt;font-family: Calibri, sans-serif\">&#8211; Prof\u00aa Kalinca Becker \u2013 Sumo Educacional<\/p>\n<p class=\"MsoNormal\" style=\"margin: 0cm 0cm 8pt;text-indent: 35.4pt;line-height: 15.6933px;font-size: 11pt;font-family: Calibri, sans-serif\">&#8211; Prof\u00aa Rita Pauli &#8211; PROMOVER<\/p>\n<p class=\"MsoNormal\" style=\"margin: 0cm 0cm 8pt;line-height: 15.6933px;font-size: 11pt;font-family: Calibri, sans-serif\">20:50 horas \u2013 Marcelo Nascimento e F\u00e1bio Barreto &#8211; Do conhecimento \u00e0 pr\u00e1tica: carreira banc\u00e1ria, investimento e mercado financeiro<\/p>\n<p class=\"MsoNormal\" style=\"margin: 0cm 0cm 8pt;line-height: 15.6933px;font-size: 11pt;font-family: Calibri, sans-serif\">21:15 horas \u2013 Encerramento<\/p>\n<p class=\"MsoNormal\" style=\"margin: 0cm 0cm 8pt;line-height: 15.6933px;font-size: 11pt;font-family: Calibri, sans-serif\">21:20 horas \u2013 Coffee break<\/p>\n<\/div>\n<div style=\"color: #222222;font-family: Arial, Helvetica, sans-serif;font-size: small\">\u00a0<\/div>\n<div style=\"color: #222222;font-family: Arial, Helvetica, sans-serif;font-size: small\">OBS: Ser\u00e1 fornecido certificado de participa\u00e7\u00e3o, com horas de ACG.<\/div>\t\t\t\t\t\t<\/div>\n\t\t\t\t<\/div>\n\t\t\t\t\t<\/div>\n\t\t<\/div>\n\t\t\t\t\t<\/div>\n\t\t<\/section>\n\t\t\t\t<\/div>\n\t\t","protected":false},"excerpt":{"rendered":"<p>Confira aqui a programa\u00e7\u00e3o do evento<\/p>\n","protected":false},"author":2252,"featured_media":3140,"comment_status":"closed","ping_status":"closed","sticky":false,"template":"","format":"standard","meta":{"footnotes":""},"categories":[9,2],"tags":[],"class_list":["post-3138","post","type-post","status-publish","format-standard","has-post-thumbnail","hentry","category-destaques","category-noticias"],"acf":[],"_links":{"self":[{"href":"https:\/\/www.ufsm.br\/cursos\/graduacao\/santa-maria\/ciencias-economicas\/wp-json\/wp\/v2\/posts\/3138","targetHints":{"allow":["GET"]}}],"collection":[{"href":"https:\/\/www.ufsm.br\/cursos\/graduacao\/santa-maria\/ciencias-economicas\/wp-json\/wp\/v2\/posts"}],"about":[{"href":"https:\/\/www.ufsm.br\/cursos\/graduacao\/santa-maria\/ciencias-economicas\/wp-json\/wp\/v2\/types\/post"}],"author":[{"embeddable":true,"href":"https:\/\/www.ufsm.br\/cursos\/graduacao\/santa-maria\/ciencias-economicas\/wp-json\/wp\/v2\/users\/2252"}],"replies":[{"embeddable":true,"href":"https:\/\/www.ufsm.br\/cursos\/graduacao\/santa-maria\/ciencias-economicas\/wp-json\/wp\/v2\/comments?post=3138"}],"version-history":[{"count":0,"href":"https:\/\/www.ufsm.br\/cursos\/graduacao\/santa-maria\/ciencias-economicas\/wp-json\/wp\/v2\/posts\/3138\/revisions"}],"wp:featuredmedia":[{"embeddable":true,"href":"https:\/\/www.ufsm.br\/cursos\/graduacao\/santa-maria\/ciencias-economicas\/wp-json\/wp\/v2\/media\/3140"}],"wp:attachment":[{"href":"https:\/\/www.ufsm.br\/cursos\/graduacao\/santa-maria\/ciencias-economicas\/wp-json\/wp\/v2\/media?parent=3138"}],"wp:term":[{"taxonomy":"category","embeddable":true,"href":"https:\/\/www.ufsm.br\/cursos\/graduacao\/santa-maria\/ciencias-economicas\/wp-json\/wp\/v2\/categories?post=3138"},{"taxonomy":"post_tag","embeddable":true,"href":"https:\/\/www.ufsm.br\/cursos\/graduacao\/santa-maria\/ciencias-economicas\/wp-json\/wp\/v2\/tags?post=3138"}],"curies":[{"name":"wp","href":"https:\/\/api.w.org\/{rel}","templated":true}]}}