{"id":3139,"date":"2026-08-31T14:21:19","date_gmt":"2026-08-31T17:21:19","guid":{"rendered":"https:\/\/www.ufsm.br\/cursos\/graduacao\/santa-maria\/ciencias-economicas\/?p=3139"},"modified":"2026-08-31T14:21:21","modified_gmt":"2026-08-31T17:21:21","slug":"cursos-online-de-frances-do-linc","status":"publish","type":"post","link":"https:\/\/www.ufsm.br\/cursos\/graduacao\/santa-maria\/ciencias-economicas\/2026\/08\/31\/cursos-online-de-frances-do-linc","title":{"rendered":"Cursos online de franc\u00eas do LINC"},"content":{"rendered":"\n<p><strong>Inscri\u00e7\u00f5es abertas para cursos de franc\u00eas<\/strong><\/p>\n<p><em>Programa L\u00ednguas no Campus oferece cursos para comunidade universit\u00e1ria e regional<\/em><\/p>\n<p>Est\u00e3o abertas as inscri\u00e7\u00f5es para os cursos de franc\u00eas do Programa L\u00ednguas no Campus (LINC) at\u00e9 dia\u00a0<strong>07 de setembro 2026<\/strong>!<\/p>\n<p>O\u00a0<strong>Liens en Fran\u00e7ais 1<\/strong>\u00a0\u00e9 ideal para quem est\u00e1 come\u00e7ando seus estudos e quer alcan\u00e7ar um n\u00edvel b\u00e1sico na l\u00edngua. As aulas s\u00e3o \u00e0s sextas-feiras, das 18h \u00e0s 20h.<\/p>\n<p>J\u00e1 o\u00a0<strong>Liens en Fran\u00e7ais 2<\/strong>\u00a0foi pensado para quem j\u00e1 tem uma base em franc\u00eas e quer continuar seus estudos ou quem finalizou com \u00eaxito o n\u00edvel 1. As aulas s\u00e3o \u00e0s quartas-feiras, das 18h \u00e0s 20h.<br \/><br \/>A carga hor\u00e1ria \u00e9 dividida em 20h de atividades s\u00edncronas realizadas em 10 encontros semanais e 20h ass\u00edncronas de atividades para realizar as atividades das aulas.\u00a0<\/p>\n<p>Os cursos s\u00e3o abertos para toda a comunidade acad\u00eamica (discentes, docentes e TAES) e regional (p\u00fablico externo) e t\u00eam dura\u00e7\u00e3o de um semestre. Os valores, por semestre, s\u00e3o de R$450,00 em duas parcelas ou R$400,00 \u00e0 vista (incluso material did\u00e1tico). A inscri\u00e7\u00e3o ocorre por meio do formul\u00e1rio eletr\u00f4nico dispon\u00edvel\u00a0<a href=\"https:\/\/www.cursoseeventos.ufmg.br\/instituicao\/UFSM\/ofertas\/12616\" target=\"_blank\" rel=\"noopener\" data-saferedirecturl=\"https:\/\/www.google.com\/url?q=https:\/\/www.cursoseeventos.ufmg.br\/instituicao\/UFSM\/ofertas\/12616&amp;source=gmail&amp;ust=1788281497401000&amp;usg=AOvVaw3FDqyvUfL4sHSibIuvESgh\"><u>aqui<\/u><\/a>.<\/p>\n<p>Estudantes com BSE ativo podem concorrer a vagas gratuitas nas turmas do LINC. As inscri\u00e7\u00f5es para essas vagas est\u00e3o abertas at\u00e9\u00a0<strong>02 de setembro<\/strong>. As instru\u00e7\u00f5es espec\u00edficas est\u00e3o em\u00a0<a href=\"https:\/\/www.ufsm.br\/laboratorios\/labler\/editais\/012-2026\" target=\"_blank\" rel=\"noopener\" data-saferedirecturl=\"https:\/\/www.google.com\/url?q=https:\/\/www.ufsm.br\/laboratorios\/labler\/editais\/012-2026&amp;source=gmail&amp;ust=1788281497401000&amp;usg=AOvVaw0ipJ8O6CYLqfnuPCyOaRP6\"><u>edital pr\u00f3prio<\/u><\/a>.<\/p>\n<p>Mais detalhes nas redes sociais do projeto (Instagram\u00a0<a href=\"https:\/\/www.instagram.com\/linc_ufsm?igsh=MXJpMnU2MTZxa21waQ==\" target=\"_blank\" rel=\"noopener\" data-saferedirecturl=\"https:\/\/www.google.com\/url?q=https:\/\/www.instagram.com\/linc_ufsm?igsh%3DMXJpMnU2MTZxa21waQ%3D%3D&amp;source=gmail&amp;ust=1788281497401000&amp;usg=AOvVaw3S_DaOYGaRj0T51xFJVhLz\"><u>@linc_ufsm<\/u><\/a>), pelo e-mail\u00a0<a href=\"mailto:labler@ufsm.br\" target=\"_blank\" rel=\"noopener\"><u>labler@ufsm.br<\/u><\/a>\u00a0ou\u00a0<a href=\"mailto:lincfr@ufsm.br\" target=\"_blank\" rel=\"noopener\"><u>lincf<wbr \/>r@ufsm.br<\/u><\/a>\u00a0e telefone 3220-8089.<\/p>\n","protected":false},"excerpt":{"rendered":"<p>Inscri\u00e7\u00f5es abertas para cursos de franc\u00eas Programa L\u00ednguas no Campus oferece cursos para comunidade universit\u00e1ria e regional Est\u00e3o abertas as inscri\u00e7\u00f5es para os cursos de franc\u00eas do Programa L\u00ednguas no Campus (LINC) at\u00e9 dia\u00a007 de setembro 2026! O\u00a0Liens en Fran\u00e7ais 1\u00a0\u00e9 ideal para quem est\u00e1 come\u00e7ando seus estudos e quer alcan\u00e7ar um n\u00edvel b\u00e1sico na [&hellip;]<\/p>\n","protected":false},"author":5320,"featured_media":0,"comment_status":"closed","ping_status":"closed","sticky":false,"template":"","format":"standard","meta":{"footnotes":""},"categories":[19],"tags":[],"class_list":["post-3139","post","type-post","status-publish","format-standard","hentry","category-oportunidades"],"acf":[],"_links":{"self":[{"href":"https:\/\/www.ufsm.br\/cursos\/graduacao\/santa-maria\/ciencias-economicas\/wp-json\/wp\/v2\/posts\/3139","targetHints":{"allow":["GET"]}}],"collection":[{"href":"https:\/\/www.ufsm.br\/cursos\/graduacao\/santa-maria\/ciencias-economicas\/wp-json\/wp\/v2\/posts"}],"about":[{"href":"https:\/\/www.ufsm.br\/cursos\/graduacao\/santa-maria\/ciencias-economicas\/wp-json\/wp\/v2\/types\/post"}],"author":[{"embeddable":true,"href":"https:\/\/www.ufsm.br\/cursos\/graduacao\/santa-maria\/ciencias-economicas\/wp-json\/wp\/v2\/users\/5320"}],"replies":[{"embeddable":true,"href":"https:\/\/www.ufsm.br\/cursos\/graduacao\/santa-maria\/ciencias-economicas\/wp-json\/wp\/v2\/comments?post=3139"}],"version-history":[{"count":0,"href":"https:\/\/www.ufsm.br\/cursos\/graduacao\/santa-maria\/ciencias-economicas\/wp-json\/wp\/v2\/posts\/3139\/revisions"}],"wp:attachment":[{"href":"https:\/\/www.ufsm.br\/cursos\/graduacao\/santa-maria\/ciencias-economicas\/wp-json\/wp\/v2\/media?parent=3139"}],"wp:term":[{"taxonomy":"category","embeddable":true,"href":"https:\/\/www.ufsm.br\/cursos\/graduacao\/santa-maria\/ciencias-economicas\/wp-json\/wp\/v2\/categories?post=3139"},{"taxonomy":"post_tag","embeddable":true,"href":"https:\/\/www.ufsm.br\/cursos\/graduacao\/santa-maria\/ciencias-economicas\/wp-json\/wp\/v2\/tags?post=3139"}],"curies":[{"name":"wp","href":"https:\/\/api.w.org\/{rel}","templated":true}]}}