{"id":3779,"date":"2026-09-03T15:21:57","date_gmt":"2026-09-03T18:21:57","guid":{"rendered":"https:\/\/www.ufsm.br\/cursos\/graduacao\/santa-maria\/ciencias-sociais\/?p=3779"},"modified":"2026-09-03T15:21:59","modified_gmt":"2026-09-03T18:21:59","slug":"npcp-ufsm-promove-serie-de-encontros-sobre-decisao-do-voto-comportamento-eleitoral-e-eleicoes-de-2026","status":"publish","type":"post","link":"https:\/\/www.ufsm.br\/cursos\/graduacao\/santa-maria\/ciencias-sociais\/2026\/09\/03\/npcp-ufsm-promove-serie-de-encontros-sobre-decisao-do-voto-comportamento-eleitoral-e-eleicoes-de-2026","title":{"rendered":"NPCP\/UFSM promove s\u00e9rie de encontros sobre decis\u00e3o do voto, comportamento eleitoral e elei\u00e7\u00f5es de 2026"},"content":{"rendered":"\n<p class=\"wp-block-paragraph\">O N\u00facleo de Pesquisa e Estudos em Ci\u00eancia Pol\u00edtica (NPCP\/UFSM) promove, em 2026, a s\u00e9rie de encontros de estudo&nbsp;<strong>\u201cConversando sobre Teoria Pol\u00edtica \u2013 Encontros de Estudo\/2026: Decis\u00e3o do voto, comportamento eleitoral e a elei\u00e7\u00e3o de 2026\u201d<\/strong>.<\/p>\n\n\n\n<p class=\"wp-block-paragraph\">A atividade tem como objetivo abordar fatores te\u00f3rico-explicativos relacionados \u00e0 decis\u00e3o do voto e ao comportamento eleitoral no Brasil, al\u00e9m de analisar o processo eleitoral de 2026. Ao longo dos encontros, ser\u00e3o discutidos os motivos que levam os indiv\u00edduos a decidir em quem votar e os diferentes fatores que podem influenciar o comportamento dos eleitores.<\/p>\n\n\n\n<p class=\"wp-block-paragraph\">A programa\u00e7\u00e3o tamb\u00e9m prev\u00ea a an\u00e1lise de pesquisas de inten\u00e7\u00e3o de voto e do processo eleitoral de 2026, considerando vari\u00e1veis como estratifica\u00e7\u00e3o social, renda, idade e religi\u00e3o, entre outros aspectos que contribuem para a compreens\u00e3o das escolhas eleitorais.<\/p>\n\n\n\n<p class=\"wp-block-paragraph\">A s\u00e9rie \u00e9 composta por&nbsp;<strong>cinco encontros<\/strong>. Para receber certificado de participa\u00e7\u00e3o, \u00e9 necess\u00e1rio estar presente em pelo menos tr\u00eas deles.&nbsp;<strong>N\u00e3o \u00e9 necess\u00e1ria inscri\u00e7\u00e3o pr\u00e9via.<\/strong><\/p>\n\n\n\n<p class=\"wp-block-paragraph\">A programa\u00e7\u00e3o completa, com as informa\u00e7\u00f5es sobre&nbsp;<strong>datas, sala e hor\u00e1rios<\/strong>, est\u00e1 dispon\u00edvel no material de divulga\u00e7\u00e3o em anexo.<\/p>\n\n\n\n<p class=\"wp-block-paragraph\">A iniciativa busca proporcionar um espa\u00e7o de estudo e debate sobre o comportamento eleitoral e os fatores que influenciam as decis\u00f5es dos eleitores, contribuindo para a reflex\u00e3o sobre o cen\u00e1rio pol\u00edtico brasileiro e as elei\u00e7\u00f5es de 2026.<\/p>\n\n\n\n<div data-wp-interactive=\"core\/file\" class=\"wp-block-file\"><object data-wp-bind--hidden=\"!state.hasPdfPreview\" hidden class=\"wp-block-file__embed\" data=\"https:\/\/www.ufsm.br\/app\/uploads\/sites\/465\/2026\/09\/PROGRAMACAO-INFORMACOES.pdf\" type=\"application\/pdf\" style=\"width:100%;height:600px\" aria-label=\"Incorporado de PROGRAMA\u00c7\u00c3O - INFORMA\u00c7\u00d5ES.\"><\/object><a id=\"wp-block-file--media-222eccfa-ef36-44b8-aa62-4acc1beec772\" href=\"https:\/\/www.ufsm.br\/app\/uploads\/sites\/465\/2026\/09\/PROGRAMACAO-INFORMACOES.pdf\">PROGRAMA\u00c7\u00c3O &#8211; INFORMA\u00c7\u00d5ES<\/a><a href=\"https:\/\/www.ufsm.br\/app\/uploads\/sites\/465\/2026\/09\/PROGRAMACAO-INFORMACOES.pdf\" class=\"wp-block-file__button wp-element-button\" download aria-describedby=\"wp-block-file--media-222eccfa-ef36-44b8-aa62-4acc1beec772\">Baixar<\/a><\/div>\n","protected":false},"excerpt":{"rendered":"<p>O N\u00facleo de Pesquisa e Estudos em Ci\u00eancia Pol\u00edtica (NPCP\/UFSM) promove, em 2026, a s\u00e9rie de encontros de estudo&nbsp;\u201cConversando sobre Teoria Pol\u00edtica \u2013 Encontros de Estudo\/2026: Decis\u00e3o do voto, comportamento eleitoral e a elei\u00e7\u00e3o de 2026\u201d. A atividade tem como objetivo abordar fatores te\u00f3rico-explicativos relacionados \u00e0 decis\u00e3o do voto e ao comportamento eleitoral no Brasil, [&hellip;]<\/p>\n","protected":false},"author":4916,"featured_media":0,"comment_status":"closed","ping_status":"closed","sticky":false,"template":"","format":"standard","meta":{"footnotes":""},"categories":[2,28],"tags":[],"class_list":["post-3779","post","type-post","status-publish","format-standard","hentry","category-noticiasb","category-noticiasl"],"acf":[],"_links":{"self":[{"href":"https:\/\/www.ufsm.br\/cursos\/graduacao\/santa-maria\/ciencias-sociais\/wp-json\/wp\/v2\/posts\/3779","targetHints":{"allow":["GET"]}}],"collection":[{"href":"https:\/\/www.ufsm.br\/cursos\/graduacao\/santa-maria\/ciencias-sociais\/wp-json\/wp\/v2\/posts"}],"about":[{"href":"https:\/\/www.ufsm.br\/cursos\/graduacao\/santa-maria\/ciencias-sociais\/wp-json\/wp\/v2\/types\/post"}],"author":[{"embeddable":true,"href":"https:\/\/www.ufsm.br\/cursos\/graduacao\/santa-maria\/ciencias-sociais\/wp-json\/wp\/v2\/users\/4916"}],"replies":[{"embeddable":true,"href":"https:\/\/www.ufsm.br\/cursos\/graduacao\/santa-maria\/ciencias-sociais\/wp-json\/wp\/v2\/comments?post=3779"}],"version-history":[{"count":0,"href":"https:\/\/www.ufsm.br\/cursos\/graduacao\/santa-maria\/ciencias-sociais\/wp-json\/wp\/v2\/posts\/3779\/revisions"}],"wp:attachment":[{"href":"https:\/\/www.ufsm.br\/cursos\/graduacao\/santa-maria\/ciencias-sociais\/wp-json\/wp\/v2\/media?parent=3779"}],"wp:term":[{"taxonomy":"category","embeddable":true,"href":"https:\/\/www.ufsm.br\/cursos\/graduacao\/santa-maria\/ciencias-sociais\/wp-json\/wp\/v2\/categories?post=3779"},{"taxonomy":"post_tag","embeddable":true,"href":"https:\/\/www.ufsm.br\/cursos\/graduacao\/santa-maria\/ciencias-sociais\/wp-json\/wp\/v2\/tags?post=3779"}],"curies":[{"name":"wp","href":"https:\/\/api.w.org\/{rel}","templated":true}]}}