{"id":519,"date":"2026-08-26T13:41:26","date_gmt":"2026-08-26T16:41:26","guid":{"rendered":"https:\/\/www.ufsm.br\/cursos\/graduacao\/santa-maria\/farmacia\/?p=519"},"modified":"2026-08-26T13:42:12","modified_gmt":"2026-08-26T16:42:12","slug":"41a-jai-recebe-inscricoes-e-reune-producao-academica-da-ufsm","status":"publish","type":"post","link":"https:\/\/www.ufsm.br\/cursos\/graduacao\/santa-maria\/farmacia\/2026\/08\/26\/41a-jai-recebe-inscricoes-e-reune-producao-academica-da-ufsm","title":{"rendered":"41\u00aa JAI recebe inscri\u00e7\u00f5es e re\u00fane produ\u00e7\u00e3o acad\u00eamica da UFSM"},"content":{"rendered":"\n\n\n<h2 class=\"text-start text-muted text-break h4 mb-0\">Inscri\u00e7\u00f5es para apresenta\u00e7\u00e3o de trabalhos e para avaliadores est\u00e3o abertas at\u00e9 31 de agosto<\/h2>\n\n\n\n\n\n<p class=\"isSelectedEnd\">Entre 9 a 13 de novembro, acontece a 41\u00aa Jornada Acad\u00eamica Integrada (JAI) da UFSM. A programa\u00e7\u00e3o re\u00fane trabalhos e atividades nas \u00e1reas de ensino, pesquisa, extens\u00e3o e inova\u00e7\u00e3o e \u00e9 aberta \u00e0 participa\u00e7\u00e3o da comunidade acad\u00eamica e do p\u00fablico em geral.<\/p>\n<p class=\"isSelectedEnd\">As inscri\u00e7\u00f5es para apresenta\u00e7\u00e3o de trabalhos est\u00e3o abertas at\u00e9 as 17h do dia 31 de agosto. A submiss\u00e3o \u00e9 gratuita e deve ser feita por meio da\u00a0<a href=\"https:\/\/www.ufsm.br\/pro-reitorias\/prpgp\/jai\">p\u00e1gina oficial da JAI<\/a>. Estudantes de outras institui\u00e7\u00f5es de ensino tamb\u00e9m podem participar por meio da modalidade JAI Externos.<\/p>\n<p class=\"isSelectedEnd\">Promovida pelas Pr\u00f3-Reitorias de P\u00f3s-Gradua\u00e7\u00e3o e Pesquisa (PRPGP), de Extens\u00e3o (PRE), de Gradua\u00e7\u00e3o (PROGRAD) e de Inova\u00e7\u00e3o e Empreendedorismo (PROINOVA), a JAI busca ampliar a divulga\u00e7\u00e3o das atividades desenvolvidas na Universidade, estimular a troca de experi\u00eancias e fortalecer a integra\u00e7\u00e3o entre diferentes \u00e1reas do conhecimento.\u00a0A programa\u00e7\u00e3o da 41\u00aa edi\u00e7\u00e3o contar\u00e1 com apresenta\u00e7\u00f5es orais e em banners, palestras tem\u00e1ticas, plen\u00e1rias e eventos sat\u00e9lites.<\/p>\n<p class=\"isSelectedEnd\">Nesta edi\u00e7\u00e3o, a JAI ser\u00e1 composta por:<\/p>\n<ul data-spread=\"false\">\n<li>41\u00ba Sal\u00e3o de Inicia\u00e7\u00e3o Cient\u00edfica<\/li>\n<li>21\u00ba Sal\u00e3o de Extens\u00e3o<\/li>\n<li>18\u00ba Sal\u00e3o de Ensino<\/li>\n<li>17\u00ba Sal\u00e3o de P\u00f3s-Gradua\u00e7\u00e3o<\/li>\n<li>10\u00aa JAI Externos<\/li>\n<li>8\u00aa JAI Jovem<\/li>\n<li>5\u00aa Maratona de Inova\u00e7\u00e3o<\/li>\n<li>5\u00aa JAI Mirim<\/li>\n<li>2\u00ba InteRSummit<\/li>\n<\/ul>\n<p class=\"isSelectedEnd\">As inscri\u00e7\u00f5es para avaliadores tamb\u00e9m est\u00e3o abertas at\u00e9 31 de agosto.<\/p>\n<p>A programa\u00e7\u00e3o completa, os documentos orientadores e as informa\u00e7\u00f5es sobre inscri\u00e7\u00f5es est\u00e3o dispon\u00edveis na\u00a0<a href=\"https:\/\/www.ufsm.br\/pro-reitorias\/prpgp\/jai\">p\u00e1gina oficial do evento<\/a>.<\/p>\n","protected":false},"excerpt":{"rendered":"<p>Inscri\u00e7\u00f5es para apresenta\u00e7\u00e3o de trabalhos e para avaliadores est\u00e3o abertas at\u00e9 31 de agosto Entre 9 a 13 de novembro, acontece a 41\u00aa Jornada Acad\u00eamica Integrada (JAI) da UFSM. A programa\u00e7\u00e3o re\u00fane trabalhos e atividades nas \u00e1reas de ensino, pesquisa, extens\u00e3o e inova\u00e7\u00e3o e \u00e9 aberta \u00e0 participa\u00e7\u00e3o da comunidade acad\u00eamica e do p\u00fablico em [&hellip;]<\/p>\n","protected":false},"author":505,"featured_media":0,"comment_status":"closed","ping_status":"closed","sticky":false,"template":"","format":"standard","meta":{"footnotes":""},"categories":[1,2],"tags":[],"class_list":["post-519","post","type-post","status-publish","format-standard","hentry","category-sem-categoria","category-noticias"],"acf":[],"_links":{"self":[{"href":"https:\/\/www.ufsm.br\/cursos\/graduacao\/santa-maria\/farmacia\/wp-json\/wp\/v2\/posts\/519","targetHints":{"allow":["GET"]}}],"collection":[{"href":"https:\/\/www.ufsm.br\/cursos\/graduacao\/santa-maria\/farmacia\/wp-json\/wp\/v2\/posts"}],"about":[{"href":"https:\/\/www.ufsm.br\/cursos\/graduacao\/santa-maria\/farmacia\/wp-json\/wp\/v2\/types\/post"}],"author":[{"embeddable":true,"href":"https:\/\/www.ufsm.br\/cursos\/graduacao\/santa-maria\/farmacia\/wp-json\/wp\/v2\/users\/505"}],"replies":[{"embeddable":true,"href":"https:\/\/www.ufsm.br\/cursos\/graduacao\/santa-maria\/farmacia\/wp-json\/wp\/v2\/comments?post=519"}],"version-history":[{"count":0,"href":"https:\/\/www.ufsm.br\/cursos\/graduacao\/santa-maria\/farmacia\/wp-json\/wp\/v2\/posts\/519\/revisions"}],"wp:attachment":[{"href":"https:\/\/www.ufsm.br\/cursos\/graduacao\/santa-maria\/farmacia\/wp-json\/wp\/v2\/media?parent=519"}],"wp:term":[{"taxonomy":"category","embeddable":true,"href":"https:\/\/www.ufsm.br\/cursos\/graduacao\/santa-maria\/farmacia\/wp-json\/wp\/v2\/categories?post=519"},{"taxonomy":"post_tag","embeddable":true,"href":"https:\/\/www.ufsm.br\/cursos\/graduacao\/santa-maria\/farmacia\/wp-json\/wp\/v2\/tags?post=519"}],"curies":[{"name":"wp","href":"https:\/\/api.w.org\/{rel}","templated":true}]}}