{"id":1412,"date":"2022-08-03T10:33:26","date_gmt":"2022-08-03T13:33:26","guid":{"rendered":"https:\/\/www.ufsm.br\/cursos\/graduacao\/santa-maria\/fonoaudiologia\/?p=1412"},"modified":"2022-08-03T10:34:14","modified_gmt":"2022-08-03T13:34:14","slug":"divulgacao-monitoria-nao-subsidiada-pratica-clinica-em-linguagem-ii","status":"publish","type":"post","link":"https:\/\/www.ufsm.br\/cursos\/graduacao\/santa-maria\/fonoaudiologia\/2022\/08\/03\/divulgacao-monitoria-nao-subsidiada-pratica-clinica-em-linguagem-ii","title":{"rendered":"Divulga\u00e7\u00e3o Monitoria N\u00e3o Subsidiada- Pr\u00e1tica Cl\u00ednica em Linguagem II"},"content":{"rendered":"\n<p>O curso de Fonoaudiologia torna p\u00fablica a abertura de inscri\u00e7\u00f5es para Monitoria N\u00e3o Subsidiada da disciplina de Pr\u00e1tica Cl\u00ednica em Linguagem II, conforme link do edital&nbsp;<a href=\"https:\/\/www.ufsm.br\/cursos\/graduacao\/santa-maria\/fonoaudiologia\/editais\/009-2022\/\">https:\/\/www.ufsm.br\/cursos\/graduacao\/santa-maria\/fonoaudiologia\/editais\/009-2022\/<\/a>. As inscri\u00e7\u00f5es j\u00e1 est\u00e3o abertas e v\u00e3o at\u00e9 o dia 10 de Agosto.<\/p>\n\n\n","protected":false},"excerpt":{"rendered":"<p>O curso de Fonoaudiologia torna p\u00fablica a abertura de inscri\u00e7\u00f5es para Monitoria N\u00e3o Subsidiada da disciplina de Pr\u00e1tica Cl\u00ednica em Linguagem II, conforme link do edital&nbsp;https:\/\/www.ufsm.br\/cursos\/graduacao\/santa-maria\/fonoaudiologia\/editais\/009-2022\/. As inscri\u00e7\u00f5es j\u00e1 est\u00e3o abertas e v\u00e3o at\u00e9 o dia 10 de Agosto.<\/p>\n","protected":false},"author":5818,"featured_media":0,"comment_status":"closed","ping_status":"closed","sticky":false,"template":"","format":"standard","meta":{"footnotes":""},"categories":[9,2],"tags":[],"class_list":["post-1412","post","type-post","status-publish","format-standard","hentry","category-destaques","category-noticias"],"acf":[],"_links":{"self":[{"href":"https:\/\/www.ufsm.br\/cursos\/graduacao\/santa-maria\/fonoaudiologia\/wp-json\/wp\/v2\/posts\/1412","targetHints":{"allow":["GET"]}}],"collection":[{"href":"https:\/\/www.ufsm.br\/cursos\/graduacao\/santa-maria\/fonoaudiologia\/wp-json\/wp\/v2\/posts"}],"about":[{"href":"https:\/\/www.ufsm.br\/cursos\/graduacao\/santa-maria\/fonoaudiologia\/wp-json\/wp\/v2\/types\/post"}],"author":[{"embeddable":true,"href":"https:\/\/www.ufsm.br\/cursos\/graduacao\/santa-maria\/fonoaudiologia\/wp-json\/wp\/v2\/users\/5818"}],"replies":[{"embeddable":true,"href":"https:\/\/www.ufsm.br\/cursos\/graduacao\/santa-maria\/fonoaudiologia\/wp-json\/wp\/v2\/comments?post=1412"}],"version-history":[{"count":0,"href":"https:\/\/www.ufsm.br\/cursos\/graduacao\/santa-maria\/fonoaudiologia\/wp-json\/wp\/v2\/posts\/1412\/revisions"}],"wp:attachment":[{"href":"https:\/\/www.ufsm.br\/cursos\/graduacao\/santa-maria\/fonoaudiologia\/wp-json\/wp\/v2\/media?parent=1412"}],"wp:term":[{"taxonomy":"category","embeddable":true,"href":"https:\/\/www.ufsm.br\/cursos\/graduacao\/santa-maria\/fonoaudiologia\/wp-json\/wp\/v2\/categories?post=1412"},{"taxonomy":"post_tag","embeddable":true,"href":"https:\/\/www.ufsm.br\/cursos\/graduacao\/santa-maria\/fonoaudiologia\/wp-json\/wp\/v2\/tags?post=1412"}],"curies":[{"name":"wp","href":"https:\/\/api.w.org\/{rel}","templated":true}]}}