{"id":1077,"date":"2025-07-10T18:07:03","date_gmt":"2025-07-10T21:07:03","guid":{"rendered":"https:\/\/www.ufsm.br\/cursos\/graduacao\/santa-maria\/geografia\/?p=1077"},"modified":"2025-07-10T18:07:05","modified_gmt":"2025-07-10T21:07:05","slug":"confira-a-programacao-do-forum-lepghu-que-ocorre-em-agosto","status":"publish","type":"post","link":"https:\/\/www.ufsm.br\/cursos\/graduacao\/santa-maria\/geografia\/2025\/07\/10\/confira-a-programacao-do-forum-lepghu-que-ocorre-em-agosto","title":{"rendered":"Confira a programa\u00e7\u00e3o do F\u00f3rum LEPGHU que ocorre em agosto"},"content":{"rendered":"\n\n\n<p><span style=\"font-weight: 400\">O \u201cF\u00f3rum de Ensino, Geografia e Humanidades: Narrativas, Cartografias e Outras Linguagens para (Re)pensar o Espa\u00e7o\u201d tem por objetivo promover reflex\u00f5es interdisciplinares sobre o espa\u00e7o, articulando abordagens das Geografias, das Humanidades e das M\u00faltiplas Linguagens para (re)pensarmos o espa\u00e7o, valorizando e divulgando diferentes abordagens contempor\u00e2neas e necess\u00e1rias para as nossas ci\u00eancias.<\/span><\/p>\n<p><span style=\"font-weight: 400\">O evento, que integra a programa\u00e7\u00e3o dos 60 anos da Geografia da UFSM e dos 04 anos do Laborat\u00f3rio de Ensino e Pesquisas em Geografia e Humanidades (LEPGHU), ser\u00e1 realizado entre os dias 25 e 29\/08\/2025, na modalidade h\u00edbrida, ou seja, contando com atividades online e presenciais. Os dias 28\/08 e 29\/08 contam com uma programa\u00e7\u00e3o organizada pelo Laborat\u00f3rio de Espacialidades Urbanas (LABEU), grupo de pesquisa que fez parte da hist\u00f3ria da UFSM por muitos anos.<\/span><\/p>\n<p><span style=\"font-weight: 400\">As palestras e mesas online ser\u00e3o transmitidas no Canal do YouTube do PPGGEO (dispon\u00edvel em: <\/span><a href=\"https:\/\/www.youtube.com\/@ppggeoufsm6612\"><span style=\"font-weight: 400\">https:\/\/www.youtube.com\/@ppggeoufsm6612<\/span><\/a><span style=\"font-weight: 400\">). As mesas presenciais ter\u00e3o os locais divulgados posteriormente. As apresenta\u00e7\u00f5es de trabalhos e minicursos online acontecer\u00e3o via meet. J\u00e1 as propostas presenciais ser\u00e3o realizadas no Pr\u00e9dio 17 da UFSM. O evento contar\u00e1 com apresenta\u00e7\u00f5es de trabalhos dos membros e agregados dos grupos de pesquisa LEPGHU e LabEU. Al\u00e9m dessas apresenta\u00e7\u00f5es est\u00e3o abertas as inscri\u00e7\u00f5es para trabalhos externos<\/span><span style=\"font-weight: 400\"> (ser\u00e3o aceitos o total de 20 trabalhos externos)<\/span><span style=\"font-weight: 400\">. Os minicursos ser\u00e3o propostos pelos docentes e pelos discentes do LEPGHU e do LABEU e ter\u00e3o sua inscri\u00e7\u00e3o divulgada no Instagram dos Laborat\u00f3rios, bem como ter\u00e3o certifica\u00e7\u00e3o pela assinatura na lista de presen\u00e7as no dia de sua realiza\u00e7\u00e3o. As inscri\u00e7\u00f5es nas mesas, por sua vez, ser\u00e3o realizadas durante cada atividade mediante formul\u00e1rio eletr\u00f4nico. Para certifica\u00e7\u00e3o, \u00e9 necess\u00e1rio participar de pelo menos duas palestras.<\/span><\/p>\n<p><b>PROGRAMA\u00c7\u00c3O GERAL:<\/b><\/p>\n<table style=\"width: 100%;height: 879px\">\n<tbody>\n<tr style=\"height: 68px\">\n<td style=\"height: 68px\">\u00a0<\/td>\n<td style=\"height: 68px\">\n<p><b>25\/08 <\/b><b>(Segunda)<\/b><\/p>\n<\/td>\n<td style=\"height: 68px\">\n<p><b>26\/08 <\/b><b>(Ter\u00e7a)<\/b><\/p>\n<\/td>\n<td style=\"height: 68px\">\n<p><b>27\/08<\/b><b> (Quarta)<\/b><\/p>\n<\/td>\n<td style=\"height: 68px\">\n<p><b>28\/08 <\/b><b>(Quinta)<\/b><\/p>\n<\/td>\n<td style=\"height: 68px\">\n<p><b>29\/08<\/b><b> (Sexta)<\/b><\/p>\n<\/td>\n<\/tr>\n<tr style=\"height: 248px\">\n<td style=\"height: 248px\">\n<p><span style=\"font-weight: 400\">9h<\/span><\/p>\n<\/td>\n<td style=\"height: 248px\">\u00a0<\/td>\n<td style=\"height: 248px\">\n<p><span style=\"font-weight: 400\">Apresenta\u00e7\u00f5es de trabalhos\u00a0 (Presencial)<\/span><\/p>\n<\/td>\n<td style=\"height: 248px\">\n<p><span style=\"font-weight: 400\">Apresenta\u00e7\u00f5es de trabalhos (Online)<\/span><\/p>\n<\/td>\n<td style=\"height: 248px\">\n<p><span style=\"font-weight: 400\">Confer\u00eancia Geografia, Educa\u00e7\u00e3o, G\u00eanero e Sexualidades<\/span><\/p>\n<p><span style=\"font-weight: 400\">(Presencial)<\/span><\/p>\n<\/td>\n<td style=\"height: 248px\">\u00a0<\/td>\n<\/tr>\n<tr style=\"height: 197px\">\n<td style=\"height: 197px\">\n<p><span style=\"font-weight: 400\">13h30<\/span><\/p>\n<\/td>\n<td style=\"height: 197px\">\n<p><span style=\"font-weight: 400\">Minicurso 1\u00a0<\/span><\/p>\n<p><span style=\"font-weight: 400\">(Presencial)<\/span><\/p>\n<\/td>\n<td style=\"height: 197px\">\n<p><span style=\"font-weight: 400\">Minicurso 2<\/span><\/p>\n<p><span style=\"font-weight: 400\">(Presencial)<\/span><\/p>\n<\/td>\n<td style=\"height: 197px\">\n<p><span style=\"font-weight: 400\">Minicurso 3\u00a0<\/span><\/p>\n<p><span style=\"font-weight: 400\">(Online)<\/span><\/p>\n<\/td>\n<td style=\"height: 197px\">\n<p><span style=\"font-weight: 400\">Roda de Conversa Diversidade na Escola<\/span><span style=\"font-weight: 400\"><br \/><\/span><span style=\"font-weight: 400\">(presencial)<\/span><\/p>\n<\/td>\n<td style=\"height: 197px\">\n<p><span style=\"font-weight: 400\">Mesa de debate sobre a presen\u00e7a das Geografias Feministas na Geografia da UFSM (presencial)<\/span><\/p>\n<\/td>\n<\/tr>\n<tr style=\"height: 68px\">\n<td style=\"height: 68px\">\n<p><span style=\"font-weight: 400\">16h30<\/span><\/p>\n<\/td>\n<td style=\"height: 136px\" rowspan=\"2\">\u00a0<\/td>\n<td style=\"height: 136px\" rowspan=\"2\">\u00a0<\/td>\n<td style=\"height: 136px\" rowspan=\"2\">\u00a0<\/td>\n<td style=\"height: 366px\" rowspan=\"3\">\n<p><span style=\"font-weight: 400\">Mesa Geografias das Sexualidades<\/span><\/p>\n<p><span style=\"font-weight: 400\">(presencial)<\/span><\/p>\n<\/td>\n<td style=\"height: 366px\" rowspan=\"3\">\n<p><span style=\"font-weight: 400\">Mesa Perspectivas Te\u00f3ricas e metodol\u00f3gicas da Geografia (presencial)<\/span><\/p>\n<\/td>\n<\/tr>\n<tr style=\"height: 68px\">\n<td style=\"height: 68px\">\n<p><span style=\"font-weight: 400\">18h30<\/span><\/p>\n<\/td>\n<\/tr>\n<tr style=\"height: 230px\">\n<td style=\"height: 230px\">\n<p><span style=\"font-weight: 400\">19h30<\/span><\/p>\n<\/td>\n<td style=\"height: 230px\">\n<p><span style=\"font-weight: 400\">Mesa <\/span><span style=\"font-weight: 400\">Cartografias Alternativas e Subversivas Para Pensar o Espa\u00e7o<\/span><span style=\"font-weight: 400\"><br \/><\/span><span style=\"font-weight: 400\">(online)<\/span><\/p>\n<\/td>\n<td style=\"height: 230px\">\n<p><span style=\"font-weight: 400\">Mesa <\/span><span style=\"font-weight: 400\">Geografia, Arte e Literatura<\/span><\/p>\n<p><span style=\"font-weight: 400\">(online)<\/span><\/p>\n<\/td>\n<td style=\"height: 230px\">\n<p><span style=\"font-weight: 400\">Mesa <\/span><span style=\"font-weight: 400\">Geografia, (Geo)tecnologias e Metodologias para o Ensino<\/span><\/p>\n<p><span style=\"font-weight: 400\">(online)<\/span><\/p>\n<\/td>\n<\/tr>\n<\/tbody>\n<\/table>\n<p>Para saber mais:\u00a0<a href=\"https:\/\/docs.google.com\/document\/d\/1S1o6QcvPhD7Fi2zhau1zX0Yoe12hYn3A\/edit?fbclid=PAZXh0bgNhZW0CMTEAAae061C8rJM_nYTMbYaQnR5NlOJP67vLa2eRJz3Ob560uinZzo3y_rfVQrmpbQ_aem_qn_LaRUcyg6tRSn6HK98iA&amp;tab=t.0\" target=\"_blank\" rel=\"noopener\" data-saferedirecturl=\"https:\/\/www.google.com\/url?q=https:\/\/docs.google.com\/document\/d\/1S1o6QcvPhD7Fi2zhau1zX0Yoe12hYn3A\/edit?fbclid%3DPAZXh0bgNhZW0CMTEAAae061C8rJM_nYTMbYaQnR5NlOJP67vLa2eRJz3Ob560uinZzo3y_rfVQrmpbQ_aem_qn_LaRUcyg6tRSn6HK98iA%26tab%3Dt.0&amp;source=gmail&amp;ust=1752266679509000&amp;usg=AOvVaw0EqbiVC8zSy_YS3kFo7Kzw\">https:\/\/docs.google.com\/document\/d\/1S1o6QcvPhD7Fi2zhau1zX0Yoe12hYn3A\/edit?fbclid=PAZXh0bgNhZW0CMTEAAae061C8rJM_nYTMbYaQnR5NlOJP67vLa2eRJz3Ob560uinZzo3y_rfVQrmpbQ_aem_qn_LaRUcyg6tRSn6HK98iA&amp;tab=t.0<\/a>\u00a0<b><span style=\"color: #ff0000\">ou\u00a0<\/span><\/b><a href=\"https:\/\/www.instagram.com\/lepghu.ufsm\/\" target=\"_blank\" rel=\"noopener\" data-saferedirecturl=\"https:\/\/www.google.com\/url?q=https:\/\/www.instagram.com\/lepghu.ufsm\/&amp;source=gmail&amp;ust=1752266679509000&amp;usg=AOvVaw22vkS3qS9GdCQpXrGyvaag\">https:\/\/www.instagram.com\/lepghu.ufsm\/<\/a><\/p>\n<p>\u00a0<\/p>\n<p style=\"text-align: center\"><img fetchpriority=\"high\" decoding=\"async\" class=\"alignnone  wp-image-1076\" src=\"https:\/\/www.ufsm.br\/app\/uploads\/sites\/451\/2025\/07\/LEPGHU-LIVRO-E-FORUM-2-300x300.jpg\" alt=\"\" width=\"454\" height=\"454\" \/><\/p>\n<p style=\"text-align: center\"><img decoding=\"async\" class=\"alignnone  wp-image-1079\" src=\"https:\/\/www.ufsm.br\/app\/uploads\/sites\/451\/2025\/07\/4-1-300x300.jpg\" alt=\"\" width=\"451\" height=\"451\" srcset=\"https:\/\/www.ufsm.br\/app\/uploads\/sites\/451\/2025\/07\/4-1-300x300.jpg 300w, https:\/\/www.ufsm.br\/app\/uploads\/sites\/451\/2025\/07\/4-1-1024x1024.jpg 1024w, https:\/\/www.ufsm.br\/app\/uploads\/sites\/451\/2025\/07\/4-1-150x150.jpg 150w, https:\/\/www.ufsm.br\/app\/uploads\/sites\/451\/2025\/07\/4-1-768x768.jpg 768w, https:\/\/www.ufsm.br\/app\/uploads\/sites\/451\/2025\/07\/4-1.jpg 1080w\" sizes=\"(max-width: 451px) 100vw, 451px\" \/><\/p>\n<p style=\"text-align: center\">\u00a0<\/p>\n\n\n","protected":false},"excerpt":{"rendered":"<p>O \u201cF\u00f3rum de Ensino, Geografia e Humanidades: Narrativas, Cartografias e Outras Linguagens para (Re)pensar o Espa\u00e7o\u201d tem por objetivo promover reflex\u00f5es interdisciplinares sobre o espa\u00e7o, articulando abordagens das Geografias, das Humanidades e das M\u00faltiplas Linguagens para (re)pensarmos o espa\u00e7o, valorizando e divulgando diferentes abordagens contempor\u00e2neas e necess\u00e1rias para as nossas ci\u00eancias. O evento, que integra [&hellip;]<\/p>\n","protected":false},"author":2774,"featured_media":0,"comment_status":"closed","ping_status":"closed","sticky":false,"template":"","format":"standard","meta":{"footnotes":""},"categories":[1],"tags":[34,26,62,22],"class_list":["post-1077","post","type-post","status-publish","format-standard","hentry","category-sem-categoria","tag-ccne","tag-geografia","tag-lepghu","tag-ufsm"],"acf":[],"_links":{"self":[{"href":"https:\/\/www.ufsm.br\/cursos\/graduacao\/santa-maria\/geografia\/wp-json\/wp\/v2\/posts\/1077","targetHints":{"allow":["GET"]}}],"collection":[{"href":"https:\/\/www.ufsm.br\/cursos\/graduacao\/santa-maria\/geografia\/wp-json\/wp\/v2\/posts"}],"about":[{"href":"https:\/\/www.ufsm.br\/cursos\/graduacao\/santa-maria\/geografia\/wp-json\/wp\/v2\/types\/post"}],"author":[{"embeddable":true,"href":"https:\/\/www.ufsm.br\/cursos\/graduacao\/santa-maria\/geografia\/wp-json\/wp\/v2\/users\/2774"}],"replies":[{"embeddable":true,"href":"https:\/\/www.ufsm.br\/cursos\/graduacao\/santa-maria\/geografia\/wp-json\/wp\/v2\/comments?post=1077"}],"version-history":[{"count":0,"href":"https:\/\/www.ufsm.br\/cursos\/graduacao\/santa-maria\/geografia\/wp-json\/wp\/v2\/posts\/1077\/revisions"}],"wp:attachment":[{"href":"https:\/\/www.ufsm.br\/cursos\/graduacao\/santa-maria\/geografia\/wp-json\/wp\/v2\/media?parent=1077"}],"wp:term":[{"taxonomy":"category","embeddable":true,"href":"https:\/\/www.ufsm.br\/cursos\/graduacao\/santa-maria\/geografia\/wp-json\/wp\/v2\/categories?post=1077"},{"taxonomy":"post_tag","embeddable":true,"href":"https:\/\/www.ufsm.br\/cursos\/graduacao\/santa-maria\/geografia\/wp-json\/wp\/v2\/tags?post=1077"}],"curies":[{"name":"wp","href":"https:\/\/api.w.org\/{rel}","templated":true}]}}