{"id":676,"date":"2022-11-07T10:14:18","date_gmt":"2022-11-07T13:14:18","guid":{"rendered":"https:\/\/www.ufsm.br\/cursos\/graduacao\/santa-maria\/geografia\/?p=676"},"modified":"2022-11-07T10:14:20","modified_gmt":"2022-11-07T13:14:20","slug":"as-rodas-de-conversa-do-lepghu-apresentam-a-sua-quarta-atividade-do-ano","status":"publish","type":"post","link":"https:\/\/www.ufsm.br\/cursos\/graduacao\/santa-maria\/geografia\/2022\/11\/07\/as-rodas-de-conversa-do-lepghu-apresentam-a-sua-quarta-atividade-do-ano","title":{"rendered":"As Rodas de Conversa do LEPGHU apresentam a sua quarta atividade do ano"},"content":{"rendered":"\n\n\n<div class=\"gmail_default\">O tema da mesa 4 ser\u00e1 &#8220;Saberes Experienciais de Professores&#8221;. A fala contar\u00e1 com duas professoras da Educa\u00e7\u00e3o B\u00e1sica, contando um pouco sobre suas viv\u00eancias escolares.<br \/><br \/>A mesa acontecer\u00e1 dia 08\/11 \u00e0s 19h. Agenda a\u00ed!<br \/><br \/>A roda de conversa contar\u00e1 com a participa\u00e7\u00e3o de:<br \/><br \/><img decoding=\"async\" class=\"an1\" src=\"https:\/\/fonts.gstatic.com\/s\/e\/notoemoji\/14.0\/1f30e\/32.png\" alt=\"\ud83c\udf0e\" data-emoji=\"\ud83c\udf0e\" aria-label=\"\ud83c\udf0e\" \/>Carmen Luyara Canabarro Leal &#8211; PMSM<br \/><img decoding=\"async\" class=\"an1\" src=\"https:\/\/fonts.gstatic.com\/s\/e\/notoemoji\/14.0\/1f30e\/32.png\" alt=\"\ud83c\udf0e\" data-emoji=\"\ud83c\udf0e\" aria-label=\"\ud83c\udf0e\" \/>Maysa Aparecida Goronski &#8211; PMC e IFC<\/div>\n<div class=\"gmail_default\"><br \/><img decoding=\"async\" class=\"an1\" src=\"https:\/\/fonts.gstatic.com\/s\/e\/notoemoji\/14.0\/1f514\/32.png\" alt=\"\ud83d\udd14\" data-emoji=\"\ud83d\udd14\" aria-label=\"\ud83d\udd14\" \/>\u00a0\u00a0Link da transmiss\u00e3o:\u00a0<a href=\"https:\/\/www.youtube.com\/watch?v=zr9PnvLY_kU\" target=\"_blank\" rel=\"noopener\" data-saferedirecturl=\"https:\/\/www.google.com\/url?q=https:\/\/www.youtube.com\/watch?v%3Dzr9PnvLY_kU&amp;source=gmail&amp;ust=1667912118856000&amp;usg=AOvVaw1CReZYxqM3N8vlHdir3pPX\">https:\/\/www.youtube.com\/watch?v=zr9PnvLY_kU<\/a>.\u00a0 Te inscreve e ativa o sininho!<br \/><br \/>O evento ter\u00e1 certificado! As inscri\u00e7\u00f5es para certifica\u00e7\u00e3o ser\u00e1 no momento do evento, via formul\u00e1rio de presen\u00e7a, pelo link:\u00a0<a href=\"https:\/\/forms.gle\/WrzagJAXAjEmhgG2A\" target=\"_blank\" rel=\"noopener\" data-saferedirecturl=\"https:\/\/www.google.com\/url?q=https:\/\/forms.gle\/WrzagJAXAjEmhgG2A&amp;source=gmail&amp;ust=1667912118856000&amp;usg=AOvVaw1pTf6JAwZKsZjJopIWICS8\">https:\/\/forms.gle\/WrzagJAXAjEmhgG2A<\/a><\/div>\n<div>\u00a0<\/div>\n<div style=\"text-align: center\">\u00a0<\/div>\n<div class=\"gmail_default\"><img decoding=\"async\" src=\"https:\/\/www.ufsm.br\/app\/uploads\/sites\/451\/2022\/11\/DIVULGACAO-RODAS-DE-CONVERSA-LEPGHU-1.jpg\" \/><\/div>\n","protected":false},"excerpt":{"rendered":"<p>O tema da mesa 4 ser\u00e1 &#8220;Saberes Experienciais de Professores&#8221;. A fala contar\u00e1 com duas professoras da Educa\u00e7\u00e3o B\u00e1sica, contando um pouco sobre suas viv\u00eancias escolares. A mesa acontecer\u00e1 dia 08\/11 \u00e0s 19h. Agenda a\u00ed! A roda de conversa contar\u00e1 com a participa\u00e7\u00e3o de: Carmen Luyara Canabarro Leal &#8211; PMSMMaysa Aparecida Goronski &#8211; PMC e [&hellip;]<\/p>\n","protected":false},"author":2774,"featured_media":0,"comment_status":"closed","ping_status":"closed","sticky":true,"template":"","format":"standard","meta":{"footnotes":""},"categories":[9,2],"tags":[26,62,22],"class_list":["post-676","post","type-post","status-publish","format-standard","hentry","category-destaques","category-noticias","tag-geografia","tag-lepghu","tag-ufsm"],"acf":[],"_links":{"self":[{"href":"https:\/\/www.ufsm.br\/cursos\/graduacao\/santa-maria\/geografia\/wp-json\/wp\/v2\/posts\/676","targetHints":{"allow":["GET"]}}],"collection":[{"href":"https:\/\/www.ufsm.br\/cursos\/graduacao\/santa-maria\/geografia\/wp-json\/wp\/v2\/posts"}],"about":[{"href":"https:\/\/www.ufsm.br\/cursos\/graduacao\/santa-maria\/geografia\/wp-json\/wp\/v2\/types\/post"}],"author":[{"embeddable":true,"href":"https:\/\/www.ufsm.br\/cursos\/graduacao\/santa-maria\/geografia\/wp-json\/wp\/v2\/users\/2774"}],"replies":[{"embeddable":true,"href":"https:\/\/www.ufsm.br\/cursos\/graduacao\/santa-maria\/geografia\/wp-json\/wp\/v2\/comments?post=676"}],"version-history":[{"count":0,"href":"https:\/\/www.ufsm.br\/cursos\/graduacao\/santa-maria\/geografia\/wp-json\/wp\/v2\/posts\/676\/revisions"}],"wp:attachment":[{"href":"https:\/\/www.ufsm.br\/cursos\/graduacao\/santa-maria\/geografia\/wp-json\/wp\/v2\/media?parent=676"}],"wp:term":[{"taxonomy":"category","embeddable":true,"href":"https:\/\/www.ufsm.br\/cursos\/graduacao\/santa-maria\/geografia\/wp-json\/wp\/v2\/categories?post=676"},{"taxonomy":"post_tag","embeddable":true,"href":"https:\/\/www.ufsm.br\/cursos\/graduacao\/santa-maria\/geografia\/wp-json\/wp\/v2\/tags?post=676"}],"curies":[{"name":"wp","href":"https:\/\/api.w.org\/{rel}","templated":true}]}}