{"id":1134,"date":"2026-09-01T11:13:00","date_gmt":"2026-09-01T14:13:00","guid":{"rendered":"https:\/\/www.ufsm.br\/cursos\/graduacao\/santa-maria\/historia\/?p=1134"},"modified":"2026-09-01T11:13:02","modified_gmt":"2026-09-01T14:13:02","slug":"minicurso-entre-tradicao-e-modernidade","status":"publish","type":"post","link":"https:\/\/www.ufsm.br\/cursos\/graduacao\/santa-maria\/historia\/2026\/09\/01\/minicurso-entre-tradicao-e-modernidade","title":{"rendered":"Minicurso Entre Tradi\u00e7\u00e3o e Modernidade"},"content":{"rendered":"\n<p>Est\u00e3o abertas as\u00a0<a href=\"https:\/\/docs.google.com\/forms\/d\/e\/1FAIpQLSfjpe7dX6jOaXXtt4p0ELFYH3V-kHxvmTFzTW6Hcybs5RlIYg\/viewform?usp=dialog\" target=\"_blank\" rel=\"noopener noreferrer\" data-saferedirecturl=\"https:\/\/www.google.com\/url?q=https:\/\/docs.google.com\/forms\/d\/e\/1FAIpQLSfjpe7dX6jOaXXtt4p0ELFYH3V-kHxvmTFzTW6Hcybs5RlIYg\/viewform?usp%3Ddialog&amp;source=gmail&amp;ust=1788283258856000&amp;usg=AOvVaw2E-r0MYDhZWxe3tdUMDWYi\">inscri\u00e7\u00f5es<\/a>\u00a0para o minicurso\u00a0<strong>\u201cEntre Tradi\u00e7\u00e3o e Modernidade: a Igreja Cat\u00f3lica no s\u00e9culo XX\u201d<\/strong>, proposta voltada \u00e0 compreens\u00e3o hist\u00f3rica das complexas rela\u00e7\u00f5es entre\u00a0religi\u00e3o, pol\u00edtica e sociedade\u00a0ao longo do mundo contempor\u00e2neo. Longe de conceber a Igreja Cat\u00f3lica como uma institui\u00e7\u00e3o homog\u00eanea, o minicurso abordar\u00e1 suas disputas internas, transforma\u00e7\u00f5es e diferentes posicionamentos diante dos principais acontecimentos pol\u00edticos e sociais do s\u00e9culo XX.<\/p>\n<p>O minicurso est\u00e1 organizado em seis m\u00f3dulos tem\u00e1ticos, percorrendo desde a forma\u00e7\u00e3o hist\u00f3rica da Igreja Cat\u00f3lica e sua rela\u00e7\u00e3o com a modernidade at\u00e9 os debates sobre autoritarismo, resist\u00eancia, renova\u00e7\u00f5es religiosas e movimentos cat\u00f3licos contempor\u00e2neos. Esta\u00a0iniciativa est\u00e1 lotada no projeto de pesquisa &#8220;Religi\u00e3o e Religiosidade: pol\u00edtica e imigra\u00e7\u00e3o&#8221;, que investiga o campo religioso brasileiro e suas pr\u00e1ticas.<\/p>\n<p><strong><img decoding=\"async\" class=\"an1\" src=\"https:\/\/fonts.gstatic.com\/s\/e\/notoemoji\/17.0\/1f4da\/32.png\" alt=\"\ud83d\udcda\" data-emoji=\"\ud83d\udcda\" aria-label=\"\ud83d\udcda\" \/>\u00a0Entre Tradi\u00e7\u00e3o e Modernidade: a Igreja Cat\u00f3lica no s\u00e9culo XX<\/strong><\/p>\n<p><strong><img decoding=\"async\" class=\"an1\" src=\"https:\/\/fonts.gstatic.com\/s\/e\/notoemoji\/17.0\/1f4c5\/32.png\" alt=\"\ud83d\udcc5\" data-emoji=\"\ud83d\udcc5\" aria-label=\"\ud83d\udcc5\" \/>\u00a0Per\u00edodo:<\/strong>\u00a010 de setembro a 15 de outubro;<br \/><strong><img decoding=\"async\" class=\"an1\" src=\"https:\/\/fonts.gstatic.com\/s\/e\/notoemoji\/17.0\/1f5d3_fe0f\/32.png\" alt=\"\ud83d\uddd3\ufe0f\" data-emoji=\"\ud83d\uddd3\ufe0f\" aria-label=\"\ud83d\uddd3\ufe0f\" \/>\u00a0Encontros:<\/strong>\u00a0quintas-feiras<strong>,\u00a0<\/strong>das\u00a09h30 \u00e0s 11h30;<br \/><strong><img decoding=\"async\" class=\"an1\" src=\"https:\/\/fonts.gstatic.com\/s\/e\/notoemoji\/17.0\/23f1_fe0f\/32.png\" alt=\"\u23f1\ufe0f\" data-emoji=\"\u23f1\ufe0f\" aria-label=\"\u23f1\ufe0f\" \/>\u00a0Carga hor\u00e1ria:<\/strong>\u00a012 horas (com certificado);<br \/><strong><img decoding=\"async\" class=\"an1\" src=\"https:\/\/fonts.gstatic.com\/s\/e\/notoemoji\/17.0\/1f465\/32.png\" alt=\"\ud83d\udc65\" data-emoji=\"\ud83d\udc65\" aria-label=\"\ud83d\udc65\" \/>\u00a0P\u00fablico-alvo:<\/strong>\u00a0estudantes de gradua\u00e7\u00e3o e p\u00f3s-gradua\u00e7\u00e3o em Hist\u00f3ria e \u00e1reas afins, assim como pessoas interessadas em religi\u00e3o, pol\u00edtica e direitos humanos;<br \/><strong><img decoding=\"async\" class=\"an1\" src=\"https:\/\/fonts.gstatic.com\/s\/e\/notoemoji\/17.0\/1f4cd\/32.png\" alt=\"\ud83d\udccd\" data-emoji=\"\ud83d\udccd\" aria-label=\"\ud83d\udccd\" \/>\u00a0Local:<\/strong>\u00a0a ser informado pelo e-mail cadastrado dos inscritos.<\/p>\n","protected":false},"excerpt":{"rendered":"<p>Est\u00e3o abertas as\u00a0inscri\u00e7\u00f5es\u00a0para o minicurso\u00a0\u201cEntre Tradi\u00e7\u00e3o e Modernidade: a Igreja Cat\u00f3lica no s\u00e9culo XX\u201d, proposta voltada \u00e0 compreens\u00e3o hist\u00f3rica das complexas rela\u00e7\u00f5es entre\u00a0religi\u00e3o, pol\u00edtica e sociedade\u00a0ao longo do mundo contempor\u00e2neo. Longe de conceber a Igreja Cat\u00f3lica como uma institui\u00e7\u00e3o homog\u00eanea, o minicurso abordar\u00e1 suas disputas internas, transforma\u00e7\u00f5es e diferentes posicionamentos diante dos principais acontecimentos pol\u00edticos [&hellip;]<\/p>\n","protected":false},"author":4916,"featured_media":0,"comment_status":"closed","ping_status":"closed","sticky":false,"template":"","format":"standard","meta":{"footnotes":""},"categories":[27,21,22],"tags":[29,36,38],"class_list":["post-1134","post","type-post","status-publish","format-standard","hentry","category-eventos","category-noticias-bacharelado","category-noticias-licenciatura","tag-evento","tag-historia-bacharelado","tag-historia-licenciatura"],"acf":[],"_links":{"self":[{"href":"https:\/\/www.ufsm.br\/cursos\/graduacao\/santa-maria\/historia\/wp-json\/wp\/v2\/posts\/1134","targetHints":{"allow":["GET"]}}],"collection":[{"href":"https:\/\/www.ufsm.br\/cursos\/graduacao\/santa-maria\/historia\/wp-json\/wp\/v2\/posts"}],"about":[{"href":"https:\/\/www.ufsm.br\/cursos\/graduacao\/santa-maria\/historia\/wp-json\/wp\/v2\/types\/post"}],"author":[{"embeddable":true,"href":"https:\/\/www.ufsm.br\/cursos\/graduacao\/santa-maria\/historia\/wp-json\/wp\/v2\/users\/4916"}],"replies":[{"embeddable":true,"href":"https:\/\/www.ufsm.br\/cursos\/graduacao\/santa-maria\/historia\/wp-json\/wp\/v2\/comments?post=1134"}],"version-history":[{"count":0,"href":"https:\/\/www.ufsm.br\/cursos\/graduacao\/santa-maria\/historia\/wp-json\/wp\/v2\/posts\/1134\/revisions"}],"wp:attachment":[{"href":"https:\/\/www.ufsm.br\/cursos\/graduacao\/santa-maria\/historia\/wp-json\/wp\/v2\/media?parent=1134"}],"wp:term":[{"taxonomy":"category","embeddable":true,"href":"https:\/\/www.ufsm.br\/cursos\/graduacao\/santa-maria\/historia\/wp-json\/wp\/v2\/categories?post=1134"},{"taxonomy":"post_tag","embeddable":true,"href":"https:\/\/www.ufsm.br\/cursos\/graduacao\/santa-maria\/historia\/wp-json\/wp\/v2\/tags?post=1134"}],"curies":[{"name":"wp","href":"https:\/\/api.w.org\/{rel}","templated":true}]}}