{"id":1135,"date":"2026-09-04T10:44:55","date_gmt":"2026-09-04T13:44:55","guid":{"rendered":"https:\/\/www.ufsm.br\/cursos\/graduacao\/santa-maria\/historia\/?p=1135"},"modified":"2026-09-04T10:46:23","modified_gmt":"2026-09-04T13:46:23","slug":"ufsm-oferece-publicacao-gratuita-de-cartilhas-catalogos-e-livros-de-extensao","status":"publish","type":"post","link":"https:\/\/www.ufsm.br\/cursos\/graduacao\/santa-maria\/historia\/2026\/09\/04\/ufsm-oferece-publicacao-gratuita-de-cartilhas-catalogos-e-livros-de-extensao","title":{"rendered":"UFSM oferece publica\u00e7\u00e3o gratuita de cartilhas, cat\u00e1logos e livros de extens\u00e3o"},"content":{"rendered":"\t\t<div data-elementor-type=\"wp-post\" data-elementor-id=\"1135\" class=\"elementor elementor-1135\">\n\t\t\t\t\t\t<section class=\"elementor-section elementor-top-section elementor-element elementor-element-803c88a elementor-section-boxed elementor-section-height-default elementor-section-height-default\" data-id=\"803c88a\" data-element_type=\"section\">\n\t\t\t\t\t\t<div class=\"elementor-container elementor-column-gap-default\">\n\t\t\t\t\t<div class=\"elementor-column elementor-col-100 elementor-top-column elementor-element elementor-element-123e029\" data-id=\"123e029\" data-element_type=\"column\">\n\t\t\t<div class=\"elementor-widget-wrap elementor-element-populated\">\n\t\t\t\t\t\t<div class=\"elementor-element elementor-element-0c700da elementor-widget elementor-widget-text-editor\" data-id=\"0c700da\" data-element_type=\"widget\" data-widget_type=\"text-editor.default\">\n\t\t\t\t<div class=\"elementor-widget-container\">\n\t\t\t\t\t\t\t<p>A\u00a0<b>Editora PRE\u00a0<\/b>abriu as inscri\u00e7\u00f5es para o<b>\u00a0Edital 091\/2026<\/b>\u00a0referente \u00e0 S\u00e9rie Extens\u00e3o. A UFSM oferece todo o processo editorial gratuito (revis\u00e3o, diagrama\u00e7\u00e3o, registro de ISBN e publica\u00e7\u00e3o no Manancial) para dar visibilidade a cartilhas, cat\u00e1logos e livros produzidos por servidores e estudantes.<br \/><br \/><img decoding=\"async\" class=\"an1\" src=\"https:\/\/fonts.gstatic.com\/s\/e\/notoemoji\/17.0\/1f4cc\/32.png\" alt=\"\ud83d\udccc\" width=\"17\" height=\"17\" data-emoji=\"\ud83d\udccc\" aria-label=\"\ud83d\udccc\" \/>\u00a0O que \u00e9 &#8220;lauda&#8221;*? Uma lauda<br \/>equivale a 1.800 caracteres com espa\u00e7os, sendo a medida padr\u00e3o utilizada no edital para calcular a extens\u00e3o do seu texto. Na hora de escrever, basta conferir a contagem de caracteres do seu arquivo para garantir que a proposta respeita os limites da sua categoria (at\u00e9 50 laudas para cartilhas e at\u00e9 100 laudas para livros de extens\u00e3o).<br \/><br \/><img decoding=\"async\" class=\"an1\" src=\"https:\/\/fonts.gstatic.com\/s\/e\/notoemoji\/17.0\/23f3\/32.png\" alt=\"\u23f3\" width=\"17\" height=\"17\" data-emoji=\"\u23f3\" aria-label=\"\u23f3\" \/><b>\u00a0Prazo de inscri\u00e7\u00e3o:\u00a0<\/b>De 1\u00ba a 30 de setembro de 2026.<br \/><br \/><img decoding=\"async\" class=\"an1\" src=\"https:\/\/fonts.gstatic.com\/s\/e\/notoemoji\/17.0\/1f517\/32.png\" alt=\"\ud83d\udd17\" width=\"16\" height=\"16\" data-emoji=\"\ud83d\udd17\" aria-label=\"\ud83d\udd17\" \/>\u00a0<a href=\"https:\/\/www.ufsm.br\/pro-reitorias\/pre\/editais\/091-2026\" target=\"_blank\" rel=\"noopener\" data-saferedirecturl=\"https:\/\/www.google.com\/url?q=https:\/\/www.ufsm.br\/pro-reitorias\/pre\/editais\/091-2026&amp;source=gmail&amp;ust=1788613552464000&amp;usg=AOvVaw1mBcDM9Ded_W1bdNZrHQpY\">Edital completo<\/a><br \/><img loading=\"lazy\" decoding=\"async\" class=\"an1\" src=\"https:\/\/fonts.gstatic.com\/s\/e\/notoemoji\/17.0\/1f517\/32.png\" alt=\"\ud83d\udd17\" width=\"17\" height=\"17\" data-emoji=\"\ud83d\udd17\" aria-label=\"\ud83d\udd17\" \/>\u00a0<a href=\"https:\/\/www.instagram.com\/p\/Dcyn-lhRkGM\/\" target=\"_blank\" rel=\"noopener\" data-saferedirecturl=\"https:\/\/www.google.com\/url?q=https:\/\/www.instagram.com\/p\/Dcyn-lhRkGM\/&amp;source=gmail&amp;ust=1788613552464000&amp;usg=AOvVaw0aajcKcn_X5HrIQZylII8g\">Post no Instagram<\/a><\/p>\t\t\t\t\t\t<\/div>\n\t\t\t\t<\/div>\n\t\t\t\t\t<\/div>\n\t\t<\/div>\n\t\t\t\t\t<\/div>\n\t\t<\/section>\n\t\t\t\t<\/div>\n\t\t","protected":false},"excerpt":{"rendered":"<p>A\u00a0Editora PRE\u00a0abriu as inscri\u00e7\u00f5es para o\u00a0Edital 091\/2026\u00a0referente \u00e0 S\u00e9rie Extens\u00e3o. A UFSM oferece todo o processo editorial gratuito (revis\u00e3o, diagrama\u00e7\u00e3o, registro de ISBN e publica\u00e7\u00e3o no Manancial) para dar visibilidade a cartilhas, cat\u00e1logos e livros produzidos por servidores e estudantes. \u00a0O que \u00e9 &#8220;lauda&#8221;*? Uma laudaequivale a 1.800 caracteres com espa\u00e7os, sendo a medida padr\u00e3o [&hellip;]<\/p>\n","protected":false},"author":4916,"featured_media":0,"comment_status":"closed","ping_status":"closed","sticky":false,"template":"","format":"standard","meta":{"footnotes":""},"categories":[1],"tags":[],"class_list":["post-1135","post","type-post","status-publish","format-standard","hentry","category-sem-categoria"],"acf":[],"_links":{"self":[{"href":"https:\/\/www.ufsm.br\/cursos\/graduacao\/santa-maria\/historia\/wp-json\/wp\/v2\/posts\/1135","targetHints":{"allow":["GET"]}}],"collection":[{"href":"https:\/\/www.ufsm.br\/cursos\/graduacao\/santa-maria\/historia\/wp-json\/wp\/v2\/posts"}],"about":[{"href":"https:\/\/www.ufsm.br\/cursos\/graduacao\/santa-maria\/historia\/wp-json\/wp\/v2\/types\/post"}],"author":[{"embeddable":true,"href":"https:\/\/www.ufsm.br\/cursos\/graduacao\/santa-maria\/historia\/wp-json\/wp\/v2\/users\/4916"}],"replies":[{"embeddable":true,"href":"https:\/\/www.ufsm.br\/cursos\/graduacao\/santa-maria\/historia\/wp-json\/wp\/v2\/comments?post=1135"}],"version-history":[{"count":0,"href":"https:\/\/www.ufsm.br\/cursos\/graduacao\/santa-maria\/historia\/wp-json\/wp\/v2\/posts\/1135\/revisions"}],"wp:attachment":[{"href":"https:\/\/www.ufsm.br\/cursos\/graduacao\/santa-maria\/historia\/wp-json\/wp\/v2\/media?parent=1135"}],"wp:term":[{"taxonomy":"category","embeddable":true,"href":"https:\/\/www.ufsm.br\/cursos\/graduacao\/santa-maria\/historia\/wp-json\/wp\/v2\/categories?post=1135"},{"taxonomy":"post_tag","embeddable":true,"href":"https:\/\/www.ufsm.br\/cursos\/graduacao\/santa-maria\/historia\/wp-json\/wp\/v2\/tags?post=1135"}],"curies":[{"name":"wp","href":"https:\/\/api.w.org\/{rel}","templated":true}]}}