{"id":1614,"date":"2023-10-04T10:26:01","date_gmt":"2023-10-04T13:26:01","guid":{"rendered":"https:\/\/www.ufsm.br\/cursos\/graduacao\/santa-maria\/letras\/?p=1614"},"modified":"2023-10-04T10:26:02","modified_gmt":"2023-10-04T13:26:02","slug":"preparacao-para-o-teslle","status":"publish","type":"post","link":"https:\/\/www.ufsm.br\/cursos\/graduacao\/santa-maria\/letras\/2023\/10\/04\/preparacao-para-o-teslle","title":{"rendered":"Prepara\u00e7\u00e3o para o TESLLE"},"content":{"rendered":"<div class=\"wp-block-image\">\n<figure class=\"aligncenter size-full is-resized\"><img fetchpriority=\"high\" decoding=\"async\" src=\"https:\/\/www.ufsm.br\/app\/uploads\/sites\/483\/2023\/10\/39300747_2472004513026171_5087482778946109440_n.jpg\" alt=\"\" class=\"wp-image-1613\" width=\"716\" height=\"429\" srcset=\"https:\/\/www.ufsm.br\/app\/uploads\/sites\/483\/2023\/10\/39300747_2472004513026171_5087482778946109440_n.jpg 756w, https:\/\/www.ufsm.br\/app\/uploads\/sites\/483\/2023\/10\/39300747_2472004513026171_5087482778946109440_n-300x180.jpg 300w\" sizes=\"(max-width: 716px) 100vw, 716px\" \/><\/figure>\n<\/div>\n\n\n<p class=\"wp-block-paragraph\"><mark style=\"color:#2644b0\" class=\"has-inline-color\">O que \u00e9 o TESLLE?<\/mark><\/p>\n\n\n\n<p class=\"wp-block-paragraph\">O TESLLE, sigla para Teste de Sufici\u00eancia em Leitura em L\u00edngua Estrangeira da Universidade Federal de Santa Maria, tem por objetivo aferir a habilidade de leitura em l\u00edngua estrangeira. A aplica\u00e7\u00e3o \u00e9 de compet\u00eancia do Departamento de Letras Estrangeiras Modernas (DLEM), vinculado ao Centro de Artes e Letras (CAL).<\/p>\n\n\n\n<p class=\"wp-block-paragraph\">No dia dois de outubro aconteceu a prepara\u00e7\u00e3o para o TESLLE (Teste de sufici\u00eancia em leitura em l\u00edngua estrangeira). O minicurso teve dura\u00e7\u00e3o de 3 horas (com certifica\u00e7\u00e3o) e sucedeu-se de forma presencial, no miniaudit\u00f3rio do CTE &#8211; Pr\u00e9dio 14.&nbsp;<\/p>\n\n\n\n<p class=\"wp-block-paragraph\">J\u00e1 no dia quatro de outubro, quarta-feira, a prepara\u00e7\u00e3o ocorrer\u00e1 de forma online, das 12h \u00e0s 13h30min.<\/p>\n\n\n\n<p class=\"wp-block-paragraph\">O curso \u00e9 uma \u00f3tima oportunidade para voc\u00ea se preparar para o teste de sufici\u00eancia da UFSM. Os objetivos s\u00e3o:\u00a0<\/p>\n\n\n\n<p class=\"wp-block-paragraph\">1) preparar candidatos de forma r\u00e1pida e estrat\u00e9gica para o teste;<\/p>\n\n\n\n<p class=\"wp-block-paragraph\">\u00a02) familiarizar com organiza\u00e7\u00e3o do teste e com os tipos de quest\u00f5es;\u00a0<\/p>\n\n\n\n<p class=\"wp-block-paragraph\">3) desenvolver estrat\u00e9gias de leitura para otimizar uso do tempo e performance no teste;&nbsp;<\/p>\n\n\n\n<p class=\"wp-block-paragraph\">4) oferecer simulado do TESLLE.<\/p>\n\n\n\n<p class=\"wp-block-paragraph\">&nbsp;As inscri\u00e7\u00f5es para o curso preparat\u00f3rio j\u00e1 est\u00e3o encerradas, mas fique atento no Instagram do <a href=\"https:\/\/www.instagram.com\/linc_ufsm\/\">LabLer\/LinC<\/a> para ficar por dentro das not\u00edcias.<\/p>\n","protected":false},"excerpt":{"rendered":"<p>O que \u00e9 o TESLLE? O TESLLE, sigla para Teste de Sufici\u00eancia em Leitura em L\u00edngua Estrangeira da Universidade Federal de Santa Maria, tem por objetivo aferir a habilidade de leitura em l\u00edngua estrangeira. A aplica\u00e7\u00e3o \u00e9 de compet\u00eancia do Departamento de Letras Estrangeiras Modernas (DLEM), vinculado ao Centro de Artes e Letras (CAL). No [&hellip;]<\/p>\n","protected":false},"author":6082,"featured_media":0,"comment_status":"closed","ping_status":"closed","sticky":false,"template":"","format":"standard","meta":{"footnotes":""},"categories":[2],"tags":[],"class_list":["post-1614","post","type-post","status-publish","format-standard","hentry","category-noticias"],"acf":[],"_links":{"self":[{"href":"https:\/\/www.ufsm.br\/cursos\/graduacao\/santa-maria\/letras\/wp-json\/wp\/v2\/posts\/1614","targetHints":{"allow":["GET"]}}],"collection":[{"href":"https:\/\/www.ufsm.br\/cursos\/graduacao\/santa-maria\/letras\/wp-json\/wp\/v2\/posts"}],"about":[{"href":"https:\/\/www.ufsm.br\/cursos\/graduacao\/santa-maria\/letras\/wp-json\/wp\/v2\/types\/post"}],"author":[{"embeddable":true,"href":"https:\/\/www.ufsm.br\/cursos\/graduacao\/santa-maria\/letras\/wp-json\/wp\/v2\/users\/6082"}],"replies":[{"embeddable":true,"href":"https:\/\/www.ufsm.br\/cursos\/graduacao\/santa-maria\/letras\/wp-json\/wp\/v2\/comments?post=1614"}],"version-history":[{"count":0,"href":"https:\/\/www.ufsm.br\/cursos\/graduacao\/santa-maria\/letras\/wp-json\/wp\/v2\/posts\/1614\/revisions"}],"wp:attachment":[{"href":"https:\/\/www.ufsm.br\/cursos\/graduacao\/santa-maria\/letras\/wp-json\/wp\/v2\/media?parent=1614"}],"wp:term":[{"taxonomy":"category","embeddable":true,"href":"https:\/\/www.ufsm.br\/cursos\/graduacao\/santa-maria\/letras\/wp-json\/wp\/v2\/categories?post=1614"},{"taxonomy":"post_tag","embeddable":true,"href":"https:\/\/www.ufsm.br\/cursos\/graduacao\/santa-maria\/letras\/wp-json\/wp\/v2\/tags?post=1614"}],"curies":[{"name":"wp","href":"https:\/\/api.w.org\/{rel}","templated":true}]}}