{"id":1705,"date":"2023-12-08T20:44:51","date_gmt":"2023-12-08T23:44:51","guid":{"rendered":"https:\/\/www.ufsm.br\/cursos\/graduacao\/santa-maria\/letras\/?p=1705"},"modified":"2024-10-22T15:49:59","modified_gmt":"2024-10-22T18:49:59","slug":"professora-da-ufsm-elabora-guia-para-o-ensino-de-portugues-para-estrangeiros-pelos-quadrinhos","status":"publish","type":"post","link":"https:\/\/www.ufsm.br\/cursos\/graduacao\/santa-maria\/letras\/2023\/12\/08\/professora-da-ufsm-elabora-guia-para-o-ensino-de-portugues-para-estrangeiros-pelos-quadrinhos","title":{"rendered":"Professora da UFSM elabora guia para o ensino de portugu\u00eas para estrangeiros pelos quadrinhos"},"content":{"rendered":"\n<p class=\"has-text-align-center wp-block-paragraph\"><strong>A proposta curricular utiliza o acervo da Gibiteca Brasileira para o ensino da l\u00edngua em unidades do Itamaraty no exterior<\/strong><\/p>\n\n\n\n<p class=\"wp-block-paragraph\">A Funda\u00e7\u00e3o Alexandre Gusm\u00e3o, \u00f3rg\u00e3o do Minist\u00e9rio das Rela\u00e7\u00f5es Exteriores (MRE), lan\u00e7ou neste ano a \u201cProposta Curricular para o Ensino de Portugu\u00eas como L\u00edngua Estrangeira por Meio de Quadrinhos Brasileiros nas Unidades da Rede de Ensino do Itamaraty no Exterior\u201d. Elaborada pela professora Maria Clara Carneiro, do Departamento de Letras Estrangeiras Modernas da UFSM, a proposta \u00e9 um guia \u2013 dispon\u00edvel gratuitamente para <a href=\"https:\/\/funag.gov.br\/biblioteca-nova\/produto\/21-21-propostas_curriculares_para_ensino_de_portugues_no_exterior_oito_volumes_\"><em>download<\/em><\/a> \u2013 para a utiliza\u00e7\u00e3o do acervo da Gibiteca Brasileira para o ensino da l\u00edngua portuguesa nas cerca de 30 unidades do Instituto Guimar\u00e3es Rosa espalhadas pelo mundo.<\/p>\n\n\n\n<p class=\"wp-block-paragraph\">Afora promover eventos culturais, acad\u00eamicos e educativos, esses institutos abrigam a rede de ensino do Itamaraty para o ensino do portugu\u00eas como l\u00edngua estrangeira e tamb\u00e9m das l\u00ednguas de heran\u00e7a faladas no Brasil. Desde 2022, as bibliotecas dos institutos passaram a comportar o acervo Gibiteca Brasileira, um conjunto de livros de hist\u00f3rias em quadrinhos brasileiros contempor\u00e2neos que permite, ao p\u00fablico estrangeiro, o acesso gratuito a obras recentes de uma produ\u00e7\u00e3o cada vez mais reconhecida internacionalmente, como os premiados <em>Angola Janga<\/em>, de Marcelo d\u2019Salete, e <em>Escuta, Formosa M\u00e1rcia<\/em>, de Marcello Quintanilha.<\/p>\n\n\n\n<p class=\"wp-block-paragraph\">Integrante do <a href=\"https:\/\/www.bienaldequadrinhos.com.br\/bquadrinhos\">Programa Brasil em Quadrinhos,<\/a> um projeto da <a href=\"https:\/\/www.bienaldequadrinhos.com.br\/\">Bienal de Quadrinhos de Curitiba<\/a> em conjunto com o Itamaraty, a Gibiteca teve a curadoria da professora Maria Clara Carneiro, que na UFSM lidera o grupo de pesquisa <a href=\"https:\/\/www.ufsm.br\/grupos\/gpoqt\">\u201cOficinas de escrita, hist\u00f3rias em quadrinhos e tradu\u00e7\u00e3o: teoria da literatura e pr\u00e1ticas liter\u00e1rias\u201d.<\/a><\/p>\n\n\n\n<p class=\"wp-block-paragraph\">Em sua proposta curricular, a professora da UFSM tamb\u00e9m apresenta um panorama da produ\u00e7\u00e3o brasileira de quadrinhos e descreve ainda o acervo da Gibiteca Brasileira. Al\u00e9m disso, a proposta pode servir a educadores da rede b\u00e1sica no Brasil como um panorama geral para a utiliza\u00e7\u00e3o da m\u00eddia em sala de aula.<\/p>\n\n\n\n<p class=\"wp-block-paragraph\">O guia integra o <a href=\"https:\/\/funag.gov.br\/biblioteca-nova\/categoria\/cat\/58\">conjunto de propostas curriculares do MRE<\/a> com orienta\u00e7\u00f5es para suas unidades do ensino de portugu\u00eas, organizadas inicialmente pelo professor Nelson Viana, da Universidade Federal de S\u00e3o Carlos. A proposta de ensino da l\u00edngua pelos quadrinhos \u201cinaugura nova etapa do programa, que ultrapassa a vertente cultural e estrutura inovador vi\u00e9s educacional. As narrativas gr\u00e1ficas constituem potente vetor de difus\u00e3o da linguagem social, aquela utilizada na vida cotidiana de uma sociedade, como resultado de pr\u00e1ticas elaboradas em determinados contextos hist\u00f3rico-geogr\u00e1ficos\u201d, como explica o diplomata Igor Trabuco em sua apresenta\u00e7\u00e3o.<\/p>\n","protected":false},"excerpt":{"rendered":"<p>A proposta curricular utiliza o acervo da Gibiteca Brasileira para o ensino da l\u00edngua em unidades do Itamaraty no exterior A Funda\u00e7\u00e3o Alexandre Gusm\u00e3o, \u00f3rg\u00e3o do Minist\u00e9rio das Rela\u00e7\u00f5es Exteriores (MRE), lan\u00e7ou neste ano a \u201cProposta Curricular para o Ensino de Portugu\u00eas como L\u00edngua Estrangeira por Meio de Quadrinhos Brasileiros nas Unidades da Rede de [&hellip;]<\/p>\n","protected":false},"author":6082,"featured_media":0,"comment_status":"closed","ping_status":"closed","sticky":false,"template":"","format":"standard","meta":{"footnotes":""},"categories":[2],"tags":[205,206,66,135,67],"class_list":["post-1705","post","type-post","status-publish","format-standard","hentry","category-noticias","tag-idiomas","tag-internacionalizacao","tag-letras","tag-quadrinhos","tag-ufsm"],"acf":[],"_links":{"self":[{"href":"https:\/\/www.ufsm.br\/cursos\/graduacao\/santa-maria\/letras\/wp-json\/wp\/v2\/posts\/1705","targetHints":{"allow":["GET"]}}],"collection":[{"href":"https:\/\/www.ufsm.br\/cursos\/graduacao\/santa-maria\/letras\/wp-json\/wp\/v2\/posts"}],"about":[{"href":"https:\/\/www.ufsm.br\/cursos\/graduacao\/santa-maria\/letras\/wp-json\/wp\/v2\/types\/post"}],"author":[{"embeddable":true,"href":"https:\/\/www.ufsm.br\/cursos\/graduacao\/santa-maria\/letras\/wp-json\/wp\/v2\/users\/6082"}],"replies":[{"embeddable":true,"href":"https:\/\/www.ufsm.br\/cursos\/graduacao\/santa-maria\/letras\/wp-json\/wp\/v2\/comments?post=1705"}],"version-history":[{"count":0,"href":"https:\/\/www.ufsm.br\/cursos\/graduacao\/santa-maria\/letras\/wp-json\/wp\/v2\/posts\/1705\/revisions"}],"wp:attachment":[{"href":"https:\/\/www.ufsm.br\/cursos\/graduacao\/santa-maria\/letras\/wp-json\/wp\/v2\/media?parent=1705"}],"wp:term":[{"taxonomy":"category","embeddable":true,"href":"https:\/\/www.ufsm.br\/cursos\/graduacao\/santa-maria\/letras\/wp-json\/wp\/v2\/categories?post=1705"},{"taxonomy":"post_tag","embeddable":true,"href":"https:\/\/www.ufsm.br\/cursos\/graduacao\/santa-maria\/letras\/wp-json\/wp\/v2\/tags?post=1705"}],"curies":[{"name":"wp","href":"https:\/\/api.w.org\/{rel}","templated":true}]}}