{"id":1707,"date":"2023-12-14T21:23:30","date_gmt":"2023-12-15T00:23:30","guid":{"rendered":"https:\/\/www.ufsm.br\/cursos\/graduacao\/santa-maria\/letras\/?p=1707"},"modified":"2023-12-14T21:23:32","modified_gmt":"2023-12-15T00:23:32","slug":"a-edicao-no-33-da-revista-ideias-esta-disponivel-em-formato-digital","status":"publish","type":"post","link":"https:\/\/www.ufsm.br\/cursos\/graduacao\/santa-maria\/letras\/2023\/12\/14\/a-edicao-no-33-da-revista-ideias-esta-disponivel-em-formato-digital","title":{"rendered":"A edi\u00e7\u00e3o n\u00ba 33 da Revista Ideias est\u00e1 dispon\u00edvel em formato digital!"},"content":{"rendered":"\n<p class=\"wp-block-paragraph\">A <strong>revista Ideias<\/strong> \u00e9 uma revista acad\u00eamica da UFSM voltada \u00e0 publica\u00e7\u00e3o de artigos acad\u00eamicos de gradua\u00e7\u00e3o e mestrado que recebe permanentemente artigos, resenhas e entrevistas na \u00e1rea de letras (l\u00ednguas, lingu\u00edstica e literaturas) e \u00e1reas afins para a composi\u00e7\u00e3o de suas edi\u00e7\u00f5es semestrais. <\/p>\n\n\n\n<p class=\"wp-block-paragraph\">A <strong>edi\u00e7\u00e3o de n\u00ba 33<\/strong> referente ao segundo semestre de 2023 acabou de ser lan\u00e7ado em seu formato digital! Essa edi\u00e7\u00e3o conta com oito (8) textos, todos escritos por alunos dos diferentes cursos de letras. Os textos s\u00e3o originais e abordam diferentes temas e \u00e1reas.<\/p>\n\n\n\n<p class=\"wp-block-paragraph\">Para acessar a edi\u00e7\u00e3o, clique <a href=\"https:\/\/drive.google.com\/file\/d\/1VCPNUQUJ6wEUb9T4IGbDA-PVuWZ9p4Uk\/view\">aqui<\/a>.<\/p>\n\n\n\n<p class=\"wp-block-paragraph\">Acesse o <a href=\"https:\/\/www.instagram.com\/petletraslabcorpus\/\">Instagram<\/a> para mais detalhes.<\/p>\n\n\n<div class=\"wp-block-image\">\n<figure class=\"aligncenter size-full\"><img fetchpriority=\"high\" decoding=\"async\" width=\"720\" height=\"716\" src=\"https:\/\/www.ufsm.br\/app\/uploads\/sites\/483\/2023\/12\/WhatsApp-Image-2023-12-14-at-21.02.46.jpeg\" alt=\"\" class=\"wp-image-1706\" srcset=\"https:\/\/www.ufsm.br\/app\/uploads\/sites\/483\/2023\/12\/WhatsApp-Image-2023-12-14-at-21.02.46.jpeg 720w, https:\/\/www.ufsm.br\/app\/uploads\/sites\/483\/2023\/12\/WhatsApp-Image-2023-12-14-at-21.02.46-300x298.jpeg 300w, https:\/\/www.ufsm.br\/app\/uploads\/sites\/483\/2023\/12\/WhatsApp-Image-2023-12-14-at-21.02.46-150x150.jpeg 150w\" sizes=\"(max-width: 720px) 100vw, 720px\" \/><\/figure>\n<\/div>","protected":false},"excerpt":{"rendered":"<p>A revista Ideias \u00e9 uma revista acad\u00eamica da UFSM voltada \u00e0 publica\u00e7\u00e3o de artigos acad\u00eamicos de gradua\u00e7\u00e3o e mestrado que recebe permanentemente artigos, resenhas e entrevistas na \u00e1rea de letras (l\u00ednguas, lingu\u00edstica e literaturas) e \u00e1reas afins para a composi\u00e7\u00e3o de suas edi\u00e7\u00f5es semestrais. A edi\u00e7\u00e3o de n\u00ba 33 referente ao segundo semestre de 2023 [&hellip;]<\/p>\n","protected":false},"author":6082,"featured_media":0,"comment_status":"closed","ping_status":"closed","sticky":false,"template":"","format":"standard","meta":{"footnotes":""},"categories":[2],"tags":[66,207,67],"class_list":["post-1707","post","type-post","status-publish","format-standard","hentry","category-noticias","tag-letras","tag-revista-ideias","tag-ufsm"],"acf":[],"_links":{"self":[{"href":"https:\/\/www.ufsm.br\/cursos\/graduacao\/santa-maria\/letras\/wp-json\/wp\/v2\/posts\/1707","targetHints":{"allow":["GET"]}}],"collection":[{"href":"https:\/\/www.ufsm.br\/cursos\/graduacao\/santa-maria\/letras\/wp-json\/wp\/v2\/posts"}],"about":[{"href":"https:\/\/www.ufsm.br\/cursos\/graduacao\/santa-maria\/letras\/wp-json\/wp\/v2\/types\/post"}],"author":[{"embeddable":true,"href":"https:\/\/www.ufsm.br\/cursos\/graduacao\/santa-maria\/letras\/wp-json\/wp\/v2\/users\/6082"}],"replies":[{"embeddable":true,"href":"https:\/\/www.ufsm.br\/cursos\/graduacao\/santa-maria\/letras\/wp-json\/wp\/v2\/comments?post=1707"}],"version-history":[{"count":0,"href":"https:\/\/www.ufsm.br\/cursos\/graduacao\/santa-maria\/letras\/wp-json\/wp\/v2\/posts\/1707\/revisions"}],"wp:attachment":[{"href":"https:\/\/www.ufsm.br\/cursos\/graduacao\/santa-maria\/letras\/wp-json\/wp\/v2\/media?parent=1707"}],"wp:term":[{"taxonomy":"category","embeddable":true,"href":"https:\/\/www.ufsm.br\/cursos\/graduacao\/santa-maria\/letras\/wp-json\/wp\/v2\/categories?post=1707"},{"taxonomy":"post_tag","embeddable":true,"href":"https:\/\/www.ufsm.br\/cursos\/graduacao\/santa-maria\/letras\/wp-json\/wp\/v2\/tags?post=1707"}],"curies":[{"name":"wp","href":"https:\/\/api.w.org\/{rel}","templated":true}]}}