{"id":1053,"date":"2021-01-20T23:15:07","date_gmt":"2021-01-21T02:15:07","guid":{"rendered":"https:\/\/www.ufsm.br\/cursos\/graduacao\/santa-maria\/pedagogia\/?p=1053"},"modified":"2021-01-20T23:15:09","modified_gmt":"2021-01-21T02:15:09","slug":"memorando-circular-n-o-001-2021-prograd","status":"publish","type":"post","link":"https:\/\/www.ufsm.br\/cursos\/graduacao\/santa-maria\/pedagogia\/2021\/01\/20\/memorando-circular-n-o-001-2021-prograd","title":{"rendered":"Memorando Circular n.\u00ba 001\/2021 &#8211; PROGRAD"},"content":{"rendered":"\n<p>Aten\u00e7\u00e3o ao novo fluxo para solicita\u00e7\u00e3o de Exerc\u00edcios Domiciliares organizados pelo DAG.<\/p>\n<p>As solicita\u00e7\u00f5es devem ser realizadas via PEN-SIE.<\/p>\n<p>Leia na \u00edntegra o\u00a0<a href=\"https:\/\/www.ufsm.br\/app\/uploads\/sites\/458\/2021\/01\/Memo.-Circ.-001.2021-de-20.01.2021-Cursos-Deptos-e-Unidades-de-ensino-exercicios-domiciliares.pdf\">Memo. Circ. 001.2021 &#8211; PROGRAD<\/a><\/p>\n","protected":false},"excerpt":{"rendered":"<p>Aten\u00e7\u00e3o ao novo fluxo para solicita\u00e7\u00e3o de Exerc\u00edcios Domiciliares organizados pelo DAG. As solicita\u00e7\u00f5es devem ser realizadas via PEN-SIE. Leia na \u00edntegra o\u00a0Memo. Circ. 001.2021 &#8211; PROGRAD<\/p>\n","protected":false},"author":477,"featured_media":0,"comment_status":"closed","ping_status":"closed","sticky":false,"template":"","format":"standard","meta":{"footnotes":""},"categories":[2],"tags":[],"class_list":["post-1053","post","type-post","status-publish","format-standard","hentry","category-noticias"],"acf":[],"_links":{"self":[{"href":"https:\/\/www.ufsm.br\/cursos\/graduacao\/santa-maria\/pedagogia\/wp-json\/wp\/v2\/posts\/1053","targetHints":{"allow":["GET"]}}],"collection":[{"href":"https:\/\/www.ufsm.br\/cursos\/graduacao\/santa-maria\/pedagogia\/wp-json\/wp\/v2\/posts"}],"about":[{"href":"https:\/\/www.ufsm.br\/cursos\/graduacao\/santa-maria\/pedagogia\/wp-json\/wp\/v2\/types\/post"}],"author":[{"embeddable":true,"href":"https:\/\/www.ufsm.br\/cursos\/graduacao\/santa-maria\/pedagogia\/wp-json\/wp\/v2\/users\/477"}],"replies":[{"embeddable":true,"href":"https:\/\/www.ufsm.br\/cursos\/graduacao\/santa-maria\/pedagogia\/wp-json\/wp\/v2\/comments?post=1053"}],"version-history":[{"count":0,"href":"https:\/\/www.ufsm.br\/cursos\/graduacao\/santa-maria\/pedagogia\/wp-json\/wp\/v2\/posts\/1053\/revisions"}],"wp:attachment":[{"href":"https:\/\/www.ufsm.br\/cursos\/graduacao\/santa-maria\/pedagogia\/wp-json\/wp\/v2\/media?parent=1053"}],"wp:term":[{"taxonomy":"category","embeddable":true,"href":"https:\/\/www.ufsm.br\/cursos\/graduacao\/santa-maria\/pedagogia\/wp-json\/wp\/v2\/categories?post=1053"},{"taxonomy":"post_tag","embeddable":true,"href":"https:\/\/www.ufsm.br\/cursos\/graduacao\/santa-maria\/pedagogia\/wp-json\/wp\/v2\/tags?post=1053"}],"curies":[{"name":"wp","href":"https:\/\/api.w.org\/{rel}","templated":true}]}}