{"id":284,"date":"2017-11-14T10:55:48","date_gmt":"2017-11-14T12:55:48","guid":{"rendered":"https:\/\/www.ufsm.br\/cursos\/graduacao\/santa-maria\/pedagogia\/2017\/11\/14\/atencao-local-da-prova-do-enade\/"},"modified":"2017-11-14T10:55:48","modified_gmt":"2017-11-14T12:55:48","slug":"atencao-local-da-prova-do-enade","status":"publish","type":"post","link":"https:\/\/www.ufsm.br\/cursos\/graduacao\/santa-maria\/pedagogia\/2017\/11\/14\/atencao-local-da-prova-do-enade","title":{"rendered":"ATEN\u00c7\u00c3O! Local da prova do ENADE"},"content":{"rendered":"<p><span style=\"font-family: verdana, sans-serif;\"><span style=\"text-decoration: underline;\"><em><\/em><\/span>Informamos que j\u00e1 encontra-se dispon\u00edvel, no ambiente do aluno do sistema Enade, o cart\u00e3o de confirma\u00e7\u00e3o da inscri\u00e7\u00e3o&nbsp;juntamente com o local de realiza\u00e7\u00e3o do exame.<\/span><\/p>\n<p><span style=\"font-family: verdana, sans-serif;\">Para acessar o cart\u00e3o \u00e9 preciso acessar o Sistema Enade, no endere\u00e7o&nbsp;<em><a href=\"http:\/\/enade.inep.gov.br\/enade\/#!\/index\" target=\"_blank\" rel=\"noopener noreferrer\" data-saferedirecturl=\"https:\/\/www.google.com\/url?hl=pt-BR&amp;q=http:\/\/enade.inep.gov.br\/enade\/%23!\/index&amp;source=gmail&amp;ust=1510743174611000&amp;usg=AFQjCNFG84G8bdxOwYsQRFApTfBeKbQ2lg\">http:\/\/enade.inep.gov<wbr \/>.br\/enade\/#!\/index<\/a>,<\/em>&nbsp;fornecer CPF e senha cadastrada na inscri\u00e7\u00e3o.<\/p>\n<p><\/span><\/p>\n<div><span style=\"font-family: verdana, sans-serif;\">Refor\u00e7amos ainda que as provas do Enade ser\u00e3o aplicadas em 26 de novembro. Os port\u00f5es ser\u00e3o abertos \u00e0s 12h (Hor\u00e1rio de Bras\u00edlia) e fechados \u00e0s 13h. A aplica\u00e7\u00e3o da prova ter\u00e1 in\u00edcio \u00e0s 13h30min.<br \/><\/span> <\/p>\n<div>\n<p><span style=\"font-family: verdana, sans-serif;\">Tanto a realiza\u00e7\u00e3o do exame quanto o preenchimento do question\u00e1rio do estudante s\u00e3o de car\u00e1ter obrigat\u00f3rio para devida regularidade do estudante.<\/span><\/p>\n<\/p><\/div>\n<\/p><\/div>\n","protected":false},"excerpt":{"rendered":"<p>Informamos que j\u00e1 encontra-se dispon\u00edvel, no ambiente do aluno do sistema Enade, o cart\u00e3o de confirma\u00e7\u00e3o da inscri\u00e7\u00e3o&nbsp;juntamente com o local de realiza\u00e7\u00e3o do exame. Para acessar o cart\u00e3o \u00e9 preciso acessar o Sistema Enade, no endere\u00e7o&nbsp;http:\/\/enade.inep.gov.br\/enade\/#!\/index,&nbsp;fornecer CPF e senha cadastrada na inscri\u00e7\u00e3o. Refor\u00e7amos ainda que as provas do Enade ser\u00e3o aplicadas em 26 de [&hellip;]<\/p>\n","protected":false},"author":8,"featured_media":0,"comment_status":"closed","ping_status":"closed","sticky":false,"template":"","format":"standard","meta":{"footnotes":""},"categories":[2],"tags":[],"class_list":["post-284","post","type-post","status-publish","format-standard","hentry","category-noticias"],"acf":[],"_links":{"self":[{"href":"https:\/\/www.ufsm.br\/cursos\/graduacao\/santa-maria\/pedagogia\/wp-json\/wp\/v2\/posts\/284","targetHints":{"allow":["GET"]}}],"collection":[{"href":"https:\/\/www.ufsm.br\/cursos\/graduacao\/santa-maria\/pedagogia\/wp-json\/wp\/v2\/posts"}],"about":[{"href":"https:\/\/www.ufsm.br\/cursos\/graduacao\/santa-maria\/pedagogia\/wp-json\/wp\/v2\/types\/post"}],"author":[{"embeddable":true,"href":"https:\/\/www.ufsm.br\/cursos\/graduacao\/santa-maria\/pedagogia\/wp-json\/wp\/v2\/users\/8"}],"replies":[{"embeddable":true,"href":"https:\/\/www.ufsm.br\/cursos\/graduacao\/santa-maria\/pedagogia\/wp-json\/wp\/v2\/comments?post=284"}],"version-history":[{"count":0,"href":"https:\/\/www.ufsm.br\/cursos\/graduacao\/santa-maria\/pedagogia\/wp-json\/wp\/v2\/posts\/284\/revisions"}],"wp:attachment":[{"href":"https:\/\/www.ufsm.br\/cursos\/graduacao\/santa-maria\/pedagogia\/wp-json\/wp\/v2\/media?parent=284"}],"wp:term":[{"taxonomy":"category","embeddable":true,"href":"https:\/\/www.ufsm.br\/cursos\/graduacao\/santa-maria\/pedagogia\/wp-json\/wp\/v2\/categories?post=284"},{"taxonomy":"post_tag","embeddable":true,"href":"https:\/\/www.ufsm.br\/cursos\/graduacao\/santa-maria\/pedagogia\/wp-json\/wp\/v2\/tags?post=284"}],"curies":[{"name":"wp","href":"https:\/\/api.w.org\/{rel}","templated":true}]}}