{"id":364,"date":"2018-07-19T21:22:48","date_gmt":"2018-07-20T00:22:48","guid":{"rendered":"https:\/\/www.ufsm.br\/cursos\/graduacao\/santa-maria\/pedagogia\/2018\/07\/19\/periodo-de-matricula\/"},"modified":"2018-07-19T21:22:48","modified_gmt":"2018-07-20T00:22:48","slug":"periodo-de-matricula","status":"publish","type":"post","link":"https:\/\/www.ufsm.br\/cursos\/graduacao\/santa-maria\/pedagogia\/2018\/07\/19\/periodo-de-matricula","title":{"rendered":"Per\u00edodo de Matr\u00edcula"},"content":{"rendered":"<p>Conforme o Calend\u00e1rio Acad\u00eamico<\/p>\n<p>O per\u00edodo para solicita\u00e7\u00e3o de <strong><span style=\"font-size: 14pt;\">matr\u00edcula via Portal do Aluno<\/span><\/strong> \u00e9 de<span style=\"font-size: 14pt;\"> <strong>27 a 30\/07<\/strong>.<\/span><\/p>\n<p><img fetchpriority=\"high\" decoding=\"async\" class=\" size-full wp-image-363\" src=\"https:\/\/www.ufsm.br\/cursos\/graduacao\/santa-maria\/pedagogia\/wp-content\/uploads\/sites\/458\/2018\/07\/matrcula.png\" alt=\"matrcula\" width=\"1055\" height=\"57\" srcset=\"https:\/\/www.ufsm.br\/app\/uploads\/sites\/458\/2018\/07\/matrcula.png 1055w, https:\/\/www.ufsm.br\/app\/uploads\/sites\/458\/2018\/07\/matrcula-300x16.png 300w, https:\/\/www.ufsm.br\/app\/uploads\/sites\/458\/2018\/07\/matrcula-768x41.png 768w, https:\/\/www.ufsm.br\/app\/uploads\/sites\/458\/2018\/07\/matrcula-1024x55.png 1024w\" sizes=\"(max-width: 1055px) 100vw, 1055px\" \/><\/p>\n","protected":false},"excerpt":{"rendered":"<p>Conforme o Calend\u00e1rio Acad\u00eamico O per\u00edodo para solicita\u00e7\u00e3o de matr\u00edcula via Portal do Aluno \u00e9 de 27 a 30\/07.<\/p>\n","protected":false},"author":8,"featured_media":363,"comment_status":"closed","ping_status":"closed","sticky":false,"template":"","format":"standard","meta":{"footnotes":""},"categories":[2],"tags":[],"class_list":["post-364","post","type-post","status-publish","format-standard","has-post-thumbnail","hentry","category-noticias"],"acf":[],"_links":{"self":[{"href":"https:\/\/www.ufsm.br\/cursos\/graduacao\/santa-maria\/pedagogia\/wp-json\/wp\/v2\/posts\/364","targetHints":{"allow":["GET"]}}],"collection":[{"href":"https:\/\/www.ufsm.br\/cursos\/graduacao\/santa-maria\/pedagogia\/wp-json\/wp\/v2\/posts"}],"about":[{"href":"https:\/\/www.ufsm.br\/cursos\/graduacao\/santa-maria\/pedagogia\/wp-json\/wp\/v2\/types\/post"}],"author":[{"embeddable":true,"href":"https:\/\/www.ufsm.br\/cursos\/graduacao\/santa-maria\/pedagogia\/wp-json\/wp\/v2\/users\/8"}],"replies":[{"embeddable":true,"href":"https:\/\/www.ufsm.br\/cursos\/graduacao\/santa-maria\/pedagogia\/wp-json\/wp\/v2\/comments?post=364"}],"version-history":[{"count":0,"href":"https:\/\/www.ufsm.br\/cursos\/graduacao\/santa-maria\/pedagogia\/wp-json\/wp\/v2\/posts\/364\/revisions"}],"wp:featuredmedia":[{"embeddable":true,"href":"https:\/\/www.ufsm.br\/cursos\/graduacao\/santa-maria\/pedagogia\/wp-json\/wp\/v2\/media\/363"}],"wp:attachment":[{"href":"https:\/\/www.ufsm.br\/cursos\/graduacao\/santa-maria\/pedagogia\/wp-json\/wp\/v2\/media?parent=364"}],"wp:term":[{"taxonomy":"category","embeddable":true,"href":"https:\/\/www.ufsm.br\/cursos\/graduacao\/santa-maria\/pedagogia\/wp-json\/wp\/v2\/categories?post=364"},{"taxonomy":"post_tag","embeddable":true,"href":"https:\/\/www.ufsm.br\/cursos\/graduacao\/santa-maria\/pedagogia\/wp-json\/wp\/v2\/tags?post=364"}],"curies":[{"name":"wp","href":"https:\/\/api.w.org\/{rel}","templated":true}]}}