{"id":728,"date":"2019-06-13T20:35:53","date_gmt":"2019-06-13T23:35:53","guid":{"rendered":"https:\/\/www.ufsm.br\/cursos\/graduacao\/santa-maria\/pedagogia\/?p=728"},"modified":"2019-06-13T20:57:29","modified_gmt":"2019-06-13T23:57:29","slug":"migracao-para-o-curriculo-novo-do-curso-de-pedagogia-noturno","status":"publish","type":"post","link":"https:\/\/www.ufsm.br\/cursos\/graduacao\/santa-maria\/pedagogia\/2019\/06\/13\/migracao-para-o-curriculo-novo-do-curso-de-pedagogia-noturno","title":{"rendered":"Migra\u00e7\u00e3o para o Curr\u00edculo Novo do Curso de Pedagogia Noturno!!!"},"content":{"rendered":"\n<p>Prezados,<\/p>\n<p>Informamos que j\u00e1 foi realizada pelo DERCA a Migra\u00e7\u00e3o dos Acad\u00eamicos \u00e0 nova Matriz Curricular do Curso, portanto os alunos que migraram j\u00e1 podem visualizar no &#8220;Portal do Aluno&#8221; a sua situa\u00e7\u00e3o.<\/p>\n<p>Com a mudan\u00e7a da Matriz Curricular, as disciplinas que os acad\u00eamicos se encontram matriculados aparecer\u00e3o em &#8220;Outras Disciplinas&#8221;. Ap\u00f3s o encerramento das turmas dever\u00e1 ser solicitado o aproveitamento.<\/p>\n<p>Em caso de d\u00favidas, estamos a disposi\u00e7\u00e3o.<\/p>\n","protected":false},"excerpt":{"rendered":"<p>Prezados, Informamos que j\u00e1 foi realizada pelo DERCA a Migra\u00e7\u00e3o dos Acad\u00eamicos \u00e0 nova Matriz Curricular do Curso, portanto os alunos que migraram j\u00e1 podem visualizar no &#8220;Portal do Aluno&#8221; a sua situa\u00e7\u00e3o. Com a mudan\u00e7a da Matriz Curricular, as disciplinas que os acad\u00eamicos se encontram matriculados aparecer\u00e3o em &#8220;Outras Disciplinas&#8221;. Ap\u00f3s o encerramento das [&hellip;]<\/p>\n","protected":false},"author":477,"featured_media":0,"comment_status":"closed","ping_status":"closed","sticky":false,"template":"","format":"standard","meta":{"footnotes":""},"categories":[2],"tags":[],"class_list":["post-728","post","type-post","status-publish","format-standard","hentry","category-noticias"],"acf":[],"_links":{"self":[{"href":"https:\/\/www.ufsm.br\/cursos\/graduacao\/santa-maria\/pedagogia\/wp-json\/wp\/v2\/posts\/728","targetHints":{"allow":["GET"]}}],"collection":[{"href":"https:\/\/www.ufsm.br\/cursos\/graduacao\/santa-maria\/pedagogia\/wp-json\/wp\/v2\/posts"}],"about":[{"href":"https:\/\/www.ufsm.br\/cursos\/graduacao\/santa-maria\/pedagogia\/wp-json\/wp\/v2\/types\/post"}],"author":[{"embeddable":true,"href":"https:\/\/www.ufsm.br\/cursos\/graduacao\/santa-maria\/pedagogia\/wp-json\/wp\/v2\/users\/477"}],"replies":[{"embeddable":true,"href":"https:\/\/www.ufsm.br\/cursos\/graduacao\/santa-maria\/pedagogia\/wp-json\/wp\/v2\/comments?post=728"}],"version-history":[{"count":0,"href":"https:\/\/www.ufsm.br\/cursos\/graduacao\/santa-maria\/pedagogia\/wp-json\/wp\/v2\/posts\/728\/revisions"}],"wp:attachment":[{"href":"https:\/\/www.ufsm.br\/cursos\/graduacao\/santa-maria\/pedagogia\/wp-json\/wp\/v2\/media?parent=728"}],"wp:term":[{"taxonomy":"category","embeddable":true,"href":"https:\/\/www.ufsm.br\/cursos\/graduacao\/santa-maria\/pedagogia\/wp-json\/wp\/v2\/categories?post=728"},{"taxonomy":"post_tag","embeddable":true,"href":"https:\/\/www.ufsm.br\/cursos\/graduacao\/santa-maria\/pedagogia\/wp-json\/wp\/v2\/tags?post=728"}],"curies":[{"name":"wp","href":"https:\/\/api.w.org\/{rel}","templated":true}]}}