{"id":731,"date":"2019-07-11T12:48:08","date_gmt":"2019-07-11T15:48:08","guid":{"rendered":"https:\/\/www.ufsm.br\/cursos\/graduacao\/santa-maria\/pedagogia\/?p=731"},"modified":"2019-07-11T15:26:00","modified_gmt":"2019-07-11T18:26:00","slug":"atencao-aos-prazos-e-datas-importantes-do-final-do-semestre-e-periodo-de-matriculas","status":"publish","type":"post","link":"https:\/\/www.ufsm.br\/cursos\/graduacao\/santa-maria\/pedagogia\/2019\/07\/11\/atencao-aos-prazos-e-datas-importantes-do-final-do-semestre-e-periodo-de-matriculas","title":{"rendered":"Aten\u00e7\u00e3o aos Prazos e Datas Importantes do Final do Semestre e Per\u00edodo de Matr\u00edculas"},"content":{"rendered":"\n<p>Prazos e datas que constam no Calend\u00e1rio Acad\u00eamico:<\/p>\n<p><span style=\"color: #0000ff\"><strong>Adapta\u00e7\u00f5es acad\u00eamicas:<\/strong><\/span><\/p>\n<p><span style=\"color: #0000ff\"><strong>Dia 08<\/strong>\/07\/2019 (segunda-feira) ser\u00e1 considerado como <strong>SEXTA-FEIRA<\/strong><\/span><\/p>\n<p><span style=\"color: #0000ff\"><strong>Dia 09<\/strong>\/07\/2019 (ter\u00e7a-feira) ser\u00e1 considerado como <strong>S\u00c1BADO\u00a0<span style=\"color: #ff0000\">(vencidos)<\/span><\/strong><\/span><\/p>\n<p><strong>T\u00e9rmino das aulas:<\/strong> 13\/07\/2019<\/p>\n<p><strong>Per\u00edodo de exames:<\/strong> de 15\/07\/2019 a 20\/07\/2019<\/p>\n<p><strong>Solicita\u00e7\u00e3o de Matr\u00edculas via Portal:<\/strong> 23\/07\/2019 a 26\/07\/2019<\/p>\n<p><strong>Primeiro Processamento:<\/strong> 29\/07\/2019\u00a0<strong><span style=\"color: #ff0000\">(n\u00e3o esque\u00e7a de conferir as suas solicita\u00e7\u00f5es) &#8211; <span style=\"color: #0000ff\"><em>IMPORTANT\u00cdSSIMO<\/em><\/span><\/span><\/strong><\/p>\n<p><strong>Ajuste de Matr\u00edculas via Portal:<\/strong> 29\/07\/2019 e 30\/07\/2019<\/p>\n<p><strong>In\u00edcio da Aulas:<\/strong> 05\/08\/2019<\/p>\n<p><span style=\"color: #ff0000\"><strong>Ajuste de Matr\u00edculas presencial na Coordena\u00e7\u00e3o do Curso:<\/strong><\/span> <strong>05\/08\/2019 a 09\/08\/2019<\/strong><\/p>\n<p><img decoding=\"async\" class=\"wp-image-732 aligncenter\" src=\"https:\/\/www.ufsm.br\/cursos\/graduacao\/santa-maria\/pedagogia\/wp-content\/uploads\/sites\/458\/2019\/06\/Selo-SouUFSM-284x300.png\" alt=\"\" width=\"159\" height=\"168\" srcset=\"https:\/\/www.ufsm.br\/app\/uploads\/sites\/458\/2019\/06\/Selo-SouUFSM-284x300.png 284w, https:\/\/www.ufsm.br\/app\/uploads\/sites\/458\/2019\/06\/Selo-SouUFSM.png 723w\" sizes=\"(max-width: 159px) 100vw, 159px\" \/><\/p>\n","protected":false},"excerpt":{"rendered":"<p>Prazos e datas que constam no Calend\u00e1rio Acad\u00eamico: Adapta\u00e7\u00f5es acad\u00eamicas: Dia 08\/07\/2019 (segunda-feira) ser\u00e1 considerado como SEXTA-FEIRA Dia 09\/07\/2019 (ter\u00e7a-feira) ser\u00e1 considerado como S\u00c1BADO\u00a0(vencidos) T\u00e9rmino das aulas: 13\/07\/2019 Per\u00edodo de exames: de 15\/07\/2019 a 20\/07\/2019 Solicita\u00e7\u00e3o de Matr\u00edculas via Portal: 23\/07\/2019 a 26\/07\/2019 Primeiro Processamento: 29\/07\/2019\u00a0(n\u00e3o esque\u00e7a de conferir as suas solicita\u00e7\u00f5es) &#8211; IMPORTANT\u00cdSSIMO Ajuste [&hellip;]<\/p>\n","protected":false},"author":477,"featured_media":0,"comment_status":"closed","ping_status":"closed","sticky":false,"template":"","format":"standard","meta":{"footnotes":""},"categories":[2],"tags":[],"class_list":["post-731","post","type-post","status-publish","format-standard","hentry","category-noticias"],"acf":[],"_links":{"self":[{"href":"https:\/\/www.ufsm.br\/cursos\/graduacao\/santa-maria\/pedagogia\/wp-json\/wp\/v2\/posts\/731","targetHints":{"allow":["GET"]}}],"collection":[{"href":"https:\/\/www.ufsm.br\/cursos\/graduacao\/santa-maria\/pedagogia\/wp-json\/wp\/v2\/posts"}],"about":[{"href":"https:\/\/www.ufsm.br\/cursos\/graduacao\/santa-maria\/pedagogia\/wp-json\/wp\/v2\/types\/post"}],"author":[{"embeddable":true,"href":"https:\/\/www.ufsm.br\/cursos\/graduacao\/santa-maria\/pedagogia\/wp-json\/wp\/v2\/users\/477"}],"replies":[{"embeddable":true,"href":"https:\/\/www.ufsm.br\/cursos\/graduacao\/santa-maria\/pedagogia\/wp-json\/wp\/v2\/comments?post=731"}],"version-history":[{"count":0,"href":"https:\/\/www.ufsm.br\/cursos\/graduacao\/santa-maria\/pedagogia\/wp-json\/wp\/v2\/posts\/731\/revisions"}],"wp:attachment":[{"href":"https:\/\/www.ufsm.br\/cursos\/graduacao\/santa-maria\/pedagogia\/wp-json\/wp\/v2\/media?parent=731"}],"wp:term":[{"taxonomy":"category","embeddable":true,"href":"https:\/\/www.ufsm.br\/cursos\/graduacao\/santa-maria\/pedagogia\/wp-json\/wp\/v2\/categories?post=731"},{"taxonomy":"post_tag","embeddable":true,"href":"https:\/\/www.ufsm.br\/cursos\/graduacao\/santa-maria\/pedagogia\/wp-json\/wp\/v2\/tags?post=731"}],"curies":[{"name":"wp","href":"https:\/\/api.w.org\/{rel}","templated":true}]}}