{"id":801,"date":"2019-08-12T18:46:06","date_gmt":"2019-08-12T21:46:06","guid":{"rendered":"https:\/\/www.ufsm.br\/cursos\/graduacao\/santa-maria\/pedagogia\/?p=801"},"modified":"2019-08-14T18:00:48","modified_gmt":"2019-08-14T21:00:48","slug":"bolsista-para-o-curso-de-pedagogia-noturno","status":"publish","type":"post","link":"https:\/\/www.ufsm.br\/cursos\/graduacao\/santa-maria\/pedagogia\/2019\/08\/12\/bolsista-para-o-curso-de-pedagogia-noturno","title":{"rendered":"Bolsista para o Curso de Pedagogia Noturno. Prazo de inscri\u00e7\u00e3o ampliado!"},"content":{"rendered":"\n\n\n<div class=\"\" data-block=\"true\" data-editor=\"f4jgt\" data-offset-key=\"9qqlp-0-0\">\n<div class=\"_1mf _1mj\" data-offset-key=\"9qqlp-0-0\"><span data-offset-key=\"9qqlp-0-0\">Aten\u00e7\u00e3o!!!<\/span><\/div>\n<\/div>\n<div class=\"\" data-block=\"true\" data-editor=\"f4jgt\" data-offset-key=\"9l2k4-0-0\">\n<div class=\"_1mf _1mj\" data-offset-key=\"9l2k4-0-0\"><span data-offset-key=\"9l2k4-0-0\">\u00a0<\/span><\/div>\n<\/div>\n<div class=\"\" data-block=\"true\" data-editor=\"f4jgt\" data-offset-key=\"4spp0-0-0\">\n<div class=\"_1mf _1mj\" data-offset-key=\"4spp0-0-0\"><span data-offset-key=\"4spp0-0-0\">Divulgamos aos interessados que a Coordena\u00e7\u00e3o\/Secretaria do Curso de Pedagogia Noturno (CCPN) est\u00e1 com 1 (uma) vaga aberta para atuar nas atividades\/fun\u00e7\u00f5es administrativas da Secretaria. \u00c9 necess\u00e1rio que as\/os candidatas\/tos tenham disponibilidade de 16 hortas semanais (NAS TER\u00c7AS NO PER\u00cdODO DA TARDE E NOITE e mais duas (02) noites \u00e0 combinar).<\/span><\/div>\n<\/div>\n<div class=\"\" data-block=\"true\" data-editor=\"f4jgt\" data-offset-key=\"c9g9u-0-0\">\n<div class=\"_1mf _1mj\" data-offset-key=\"c9g9u-0-0\"><span data-offset-key=\"c9g9u-0-0\">As inscri\u00e7\u00f5es podem ser feitas nos dias 14 e 15 de agosto, das 14h \u00e0s 17h e das 18h \u00e0s 21h na Secretaria do Curso (sala 3236), pr\u00e9dio 16 &#8211; Centro de Educa\u00e7\u00e3o. A entrevista com os inscritos ser\u00e1 realizada no dia 16\/08\/2019, a partir das 14h, na sala 3236 do pr\u00e9dio 16\/CE, por ordem de inscri\u00e7\u00e3o. A bolsa \u00e9 no valor de R$ 250,00.<\/span><\/div>\n<\/div>\n<div class=\"\" data-block=\"true\" data-editor=\"f4jgt\" data-offset-key=\"e07om-0-0\">\n<div class=\"_1mf _1mj\" data-offset-key=\"e07om-0-0\">\u00a0<\/div>\n<\/div>\n<div class=\"\" data-block=\"true\" data-editor=\"f4jgt\" data-offset-key=\"776nk-0-0\">\n<div class=\"_1mf _1mj\" data-offset-key=\"776nk-0-0\"><span data-offset-key=\"776nk-0-0\">Mais informa\u00e7\u00f5es podem ser obtidas pelo telefone (55)32209480.<\/span><\/div>\n<\/div>\n<div class=\"\" data-block=\"true\" data-editor=\"f4jgt\" data-offset-key=\"626jh-0-0\">\n<div class=\"_1mf _1mj\" data-offset-key=\"626jh-0-0\">\u00a0<\/div>\n<\/div>\n<div class=\"\" data-block=\"true\" data-editor=\"f4jgt\" data-offset-key=\"4pfii-0-0\">\n<div class=\"_1mf _1mj\" data-offset-key=\"4pfii-0-0\"><span data-offset-key=\"4pfii-0-0\">Atenciosamente,<\/span><\/div>\n<\/div>\n<div class=\"\" data-block=\"true\" data-editor=\"f4jgt\" data-offset-key=\"fqdst-0-0\">\n<div class=\"_1mf _1mj\" data-offset-key=\"fqdst-0-0\">\u00a0<\/div>\n<\/div>\n<div class=\"\" data-block=\"true\" data-editor=\"f4jgt\" data-offset-key=\"g9pb-0-0\">\n<div class=\"_1mf _1mj\" data-offset-key=\"g9pb-0-0\"><span data-offset-key=\"g9pb-0-0\">Secretaria do Curso de Pedagogia Noturno<\/span><\/div>\n<\/div>\n","protected":false},"excerpt":{"rendered":"<p>Aten\u00e7\u00e3o!!! \u00a0 Divulgamos aos interessados que a Coordena\u00e7\u00e3o\/Secretaria do Curso de Pedagogia Noturno (CCPN) est\u00e1 com 1 (uma) vaga aberta para atuar nas atividades\/fun\u00e7\u00f5es administrativas da Secretaria. \u00c9 necess\u00e1rio que as\/os candidatas\/tos tenham disponibilidade de 16 hortas semanais (NAS TER\u00c7AS NO PER\u00cdODO DA TARDE E NOITE e mais duas (02) noites \u00e0 combinar). As inscri\u00e7\u00f5es [&hellip;]<\/p>\n","protected":false},"author":477,"featured_media":0,"comment_status":"closed","ping_status":"closed","sticky":false,"template":"","format":"standard","meta":{"footnotes":""},"categories":[2],"tags":[],"class_list":["post-801","post","type-post","status-publish","format-standard","hentry","category-noticias"],"acf":[],"_links":{"self":[{"href":"https:\/\/www.ufsm.br\/cursos\/graduacao\/santa-maria\/pedagogia\/wp-json\/wp\/v2\/posts\/801","targetHints":{"allow":["GET"]}}],"collection":[{"href":"https:\/\/www.ufsm.br\/cursos\/graduacao\/santa-maria\/pedagogia\/wp-json\/wp\/v2\/posts"}],"about":[{"href":"https:\/\/www.ufsm.br\/cursos\/graduacao\/santa-maria\/pedagogia\/wp-json\/wp\/v2\/types\/post"}],"author":[{"embeddable":true,"href":"https:\/\/www.ufsm.br\/cursos\/graduacao\/santa-maria\/pedagogia\/wp-json\/wp\/v2\/users\/477"}],"replies":[{"embeddable":true,"href":"https:\/\/www.ufsm.br\/cursos\/graduacao\/santa-maria\/pedagogia\/wp-json\/wp\/v2\/comments?post=801"}],"version-history":[{"count":0,"href":"https:\/\/www.ufsm.br\/cursos\/graduacao\/santa-maria\/pedagogia\/wp-json\/wp\/v2\/posts\/801\/revisions"}],"wp:attachment":[{"href":"https:\/\/www.ufsm.br\/cursos\/graduacao\/santa-maria\/pedagogia\/wp-json\/wp\/v2\/media?parent=801"}],"wp:term":[{"taxonomy":"category","embeddable":true,"href":"https:\/\/www.ufsm.br\/cursos\/graduacao\/santa-maria\/pedagogia\/wp-json\/wp\/v2\/categories?post=801"},{"taxonomy":"post_tag","embeddable":true,"href":"https:\/\/www.ufsm.br\/cursos\/graduacao\/santa-maria\/pedagogia\/wp-json\/wp\/v2\/tags?post=801"}],"curies":[{"name":"wp","href":"https:\/\/api.w.org\/{rel}","templated":true}]}}