{"id":250,"date":"2018-07-11T12:58:07","date_gmt":"2018-07-11T15:58:07","guid":{"rendered":"https:\/\/www.ufsm.br\/cursos\/graduacao\/santa-maria\/publicidade-e-propaganda\/2018\/07\/11\/oferta-de-disciplinas-e-orientacoes-de-matricula-para-o-semestre-2018-2\/"},"modified":"2018-07-11T12:58:07","modified_gmt":"2018-07-11T15:58:07","slug":"oferta-de-disciplinas-e-orientacoes-de-matricula-para-o-semestre-2018-2","status":"publish","type":"post","link":"https:\/\/www.ufsm.br\/cursos\/graduacao\/santa-maria\/publicidade-e-propaganda\/2018\/07\/11\/oferta-de-disciplinas-e-orientacoes-de-matricula-para-o-semestre-2018-2","title":{"rendered":"Oferta de disciplinas e orienta\u00e7\u00f5es de matr\u00edcula para o semestre 2018\/2"},"content":{"rendered":"<p>A Coordena&ccedil;&atilde;o do Curso de Comunica&ccedil;&atilde;o Social &ndash; Publicidade e Propaganda divulga a oferta de disciplinas para o segundo semestre letivo de 2018.<\/p>\n<p>Os estudantes devem seguir os prazos do Calend&aacute;rio Acad&ecirc;mico e procedimentos da Universidade relativos &agrave; matr&iacute;cula.<\/p>\n<p>Algumas orienta&ccedil;&otilde;es espec&iacute;ficas:<\/p>\n<p>1) Para o <strong>4&ordm; semestre<\/strong>:<\/p>\n<p>a) A disciplina de <strong>Comunica&ccedil;&atilde;o e Cultura (COM3007)<\/strong> oferta 12 vagas na segunda-feira a tarde e 23 vagas na sexta-feira pela manh&atilde;;<\/p>\n<p>b) A disciplina de <strong>Reda&ccedil;&atilde;o Publicit&aacute;ria (COM3043)<\/strong> oferta duas turmas dos cr&eacute;ditos pr&aacute;ticos. Assim, a matr&iacute;cula deve ser feita em uma das turmas:<\/p>\n<p>&#8211; <span style=\"text-decoration: underline;\">Turma 11<\/span> (16 vagas): quinta-feira, 8h30min &agrave;s 10h30min (2 cr&eacute;ditos te&oacute;ricos) e 10h30min &agrave;s 12h30min (2 cr&eacute;ditos pr&aacute;ticos);<\/p>\n<p>&#8211; <span style=\"text-decoration: underline;\">Turma 12<\/span> (16 vagas): quinta-feira, 8h30min &agrave;s 10h30min (2 cr&eacute;ditos te&oacute;ricos) e 13h30min &agrave;s 15h30min (2 cr&eacute;ditos pr&aacute;ticos);<\/p>\n<p>c) A disciplina de <strong>Planejamento em Publicidade (COM3030)<\/strong> comp&otilde;e o <em>roll<\/em> das disciplinas obrigat&oacute;rias ofertadas, alocada do 3&ordm; semestre.<\/p>\n<p>2) Para o <strong>6&ordm; semestre<\/strong>:<\/p>\n<p>a) A disciplina de <strong>Produ&ccedil;&atilde;o Audiovisual em PP (COM1141)<\/strong> oferta duas turmas dos cr&eacute;ditos pr&aacute;ticos. Assim, a matr&iacute;cula deve ser feita em uma das turmas:<\/p>\n<p>&#8211; <span style=\"text-decoration: underline;\">Turma 11<\/span> (16 vagas): segunda-feira, 13h30min &agrave;s 17h30min (4 cr&eacute;ditos), e quinta-feira, 8h30min &agrave;s 10h30min (2 cr&eacute;ditos pr&aacute;ticos);<\/p>\n<p>&#8211; <span style=\"text-decoration: underline;\">Turma 12<\/span> (16 vagas): segunda-feira, 13h30min &agrave;s 17h30min (4 cr&eacute;ditos), e quinta-feira, 10h30min &agrave;s 12h30min (2 cr&eacute;ditos pr&aacute;ticos);<\/p>\n<p>b) A disciplina de <strong>Ag&ecirc;ncia Experimental em PP (COM3054)<\/strong> oferta duas turmas dos cr&eacute;ditos pr&aacute;ticos. Assim, a matr&iacute;cula deve ser feita em uma das turmas:<\/p>\n<p>&#8211; <span style=\"text-decoration: underline;\">Turma 11<\/span> (16 vagas): ter&ccedil;a-feira, 08h30min &agrave;s 10h30min (2 cr&eacute;ditos te&oacute;ricos) e 10h30min &agrave;s 12h30min (2 cr&eacute;ditos pr&aacute;ticos); quinta-feira, 13h30min &agrave;s 17h30min (4 cr&eacute;ditos pr&aacute;ticos);<\/p>\n<p>&#8211; <span style=\"text-decoration: underline;\">Turma 12<\/span> (16 vagas): ter&ccedil;a-feira, 08h30min &agrave;s 10h30min (2 cr&eacute;ditos te&oacute;ricos) e 10h30min &agrave;s 12h30min (2 cr&eacute;ditos pr&aacute;ticos); quinta-feira, 13h30min &agrave;s 17h30min (4 cr&eacute;ditos pr&aacute;ticos).<\/p>\n<p>3) Para o <strong>8&ordm; semestre<\/strong>:<\/p>\n<p>a) A matr&iacute;cula em <strong>Teorias Aplicadas em Comunica&ccedil;&atilde;o II (COM3098)<\/strong> deve seguir a divis&atilde;o de orienta&ccedil;&otilde;es j&aacute; divulgada aos acad&ecirc;micos. Assim, cada aluno(a) far&aacute; a matr&iacute;cula na turma do seu professor orientador (turmas possuem os nomes dos professores orientadores).<\/p>\n<p>As respectivas salas de aula ser&atilde;o divulgadas posteriormente, conforme disponibilidade confirmada pelo Centro de Ci&ecirc;ncias Sociais e Humanas (CCSH).<\/p>\n<p>Eventuais d&uacute;vidas podem ser esclarecidas na secretaria do Curso.<\/p>\n<p><a href=\"https:\/\/www.ufsm.br\/cursos\/graduacao\/santa-maria\/publicidade-e-propaganda\/wp-content\/uploads\/sites\/469\/2018\/07\/Oferta-PP-2018-2-com_salas.pdf\">OFERTA DE DISCIPLINAS (COM SALAS)<\/a>.<\/p>\n","protected":false},"excerpt":{"rendered":"<p>A Coordena&ccedil;&atilde;o do Curso de Comunica&ccedil;&atilde;o Social &ndash; Publicidade e Propaganda divulga a oferta de disciplinas para o segundo semestre letivo de 2018. Os estudantes devem seguir os prazos do Calend&aacute;rio Acad&ecirc;mico e procedimentos da Universidade relativos &agrave; matr&iacute;cula. Algumas orienta&ccedil;&otilde;es espec&iacute;ficas: 1) Para o 4&ordm; semestre: a) A disciplina de Comunica&ccedil;&atilde;o e Cultura (COM3007) [&hellip;]<\/p>\n","protected":false},"author":8,"featured_media":0,"comment_status":"closed","ping_status":"closed","sticky":false,"template":"","format":"standard","meta":{"footnotes":""},"categories":[2],"tags":[],"class_list":["post-250","post","type-post","status-publish","format-standard","hentry","category-noticias"],"acf":[],"_links":{"self":[{"href":"https:\/\/www.ufsm.br\/cursos\/graduacao\/santa-maria\/publicidade-e-propaganda\/wp-json\/wp\/v2\/posts\/250","targetHints":{"allow":["GET"]}}],"collection":[{"href":"https:\/\/www.ufsm.br\/cursos\/graduacao\/santa-maria\/publicidade-e-propaganda\/wp-json\/wp\/v2\/posts"}],"about":[{"href":"https:\/\/www.ufsm.br\/cursos\/graduacao\/santa-maria\/publicidade-e-propaganda\/wp-json\/wp\/v2\/types\/post"}],"author":[{"embeddable":true,"href":"https:\/\/www.ufsm.br\/cursos\/graduacao\/santa-maria\/publicidade-e-propaganda\/wp-json\/wp\/v2\/users\/8"}],"replies":[{"embeddable":true,"href":"https:\/\/www.ufsm.br\/cursos\/graduacao\/santa-maria\/publicidade-e-propaganda\/wp-json\/wp\/v2\/comments?post=250"}],"version-history":[{"count":0,"href":"https:\/\/www.ufsm.br\/cursos\/graduacao\/santa-maria\/publicidade-e-propaganda\/wp-json\/wp\/v2\/posts\/250\/revisions"}],"wp:attachment":[{"href":"https:\/\/www.ufsm.br\/cursos\/graduacao\/santa-maria\/publicidade-e-propaganda\/wp-json\/wp\/v2\/media?parent=250"}],"wp:term":[{"taxonomy":"category","embeddable":true,"href":"https:\/\/www.ufsm.br\/cursos\/graduacao\/santa-maria\/publicidade-e-propaganda\/wp-json\/wp\/v2\/categories?post=250"},{"taxonomy":"post_tag","embeddable":true,"href":"https:\/\/www.ufsm.br\/cursos\/graduacao\/santa-maria\/publicidade-e-propaganda\/wp-json\/wp\/v2\/tags?post=250"}],"curies":[{"name":"wp","href":"https:\/\/api.w.org\/{rel}","templated":true}]}}