{"id":479,"date":"2020-02-13T13:20:33","date_gmt":"2020-02-13T16:20:33","guid":{"rendered":"https:\/\/www.ufsm.br\/cursos\/graduacao\/santa-maria\/publicidade-e-propaganda\/?p=479"},"modified":"2020-02-13T13:20:37","modified_gmt":"2020-02-13T16:20:37","slug":"orientacoes-de-matricula-para-o-semestre-2020-1","status":"publish","type":"post","link":"https:\/\/www.ufsm.br\/cursos\/graduacao\/santa-maria\/publicidade-e-propaganda\/2020\/02\/13\/orientacoes-de-matricula-para-o-semestre-2020-1","title":{"rendered":"Orienta\u00e7\u00f5es de matr\u00edcula para o semestre 2020\/1"},"content":{"rendered":"\n<p class=\"wp-block-paragraph\">A Coordena\u00e7\u00e3o do Curso de Comunica\u00e7\u00e3o Social \u2013 Publicidade e\nPropaganda orienta sobre a matr\u00edcula para o primeiro semestre letivo de 2020. Os\nestudantes devem seguir os prazos do Calend\u00e1rio Acad\u00eamico e procedimentos da\nUniversidade relativos \u00e0 matr\u00edcula.<\/p>\n\n\n\n<p class=\"wp-block-paragraph\">Algumas orienta\u00e7\u00f5es espec\u00edficas:<\/p>\n\n\n\n<p class=\"wp-block-paragraph\">1) Para o <strong>1\u00ba semestre\n<\/strong>(matr\u00edcula na confirma\u00e7\u00e3o de vaga): <\/p>\n\n\n\n<p class=\"wp-block-paragraph\">a) A disciplina <strong>Cria\u00e7\u00e3o\nem Publicidade (COM3023)<\/strong> oferta duas turmas dos cr\u00e9ditos pr\u00e1ticos. Assim, a\nmatr\u00edcula deve ser feita em uma das turmas: <\/p>\n\n\n\n<p class=\"wp-block-paragraph\">&#8211; Turma 11 (18 vagas): sexta-feira, 8h30min \u00e0s\n10h30min (2 cr\u00e9ditos pr\u00e1ticos) e 10h30min \u00e0s 12h30min (2 cr\u00e9ditos te\u00f3ricos);<\/p>\n\n\n\n<p class=\"wp-block-paragraph\">&#8211; Turma 12 (18 vagas): sexta-feira, 10h30min \u00e0s\n12h30min (2 cr\u00e9ditos te\u00f3ricos) e 13h30min \u00e0s 15h30min (2 cr\u00e9ditos pr\u00e1ticos).<\/p>\n\n\n\n<p class=\"wp-block-paragraph\">2) Para o <strong>3\u00ba semestre<\/strong>:<\/p>\n\n\n\n<p class=\"wp-block-paragraph\">a) A disciplina de <strong>Dire\u00e7\u00e3o\nde Arte em Publicidade (COM3029)<\/strong> oferta duas turmas dos cr\u00e9ditos pr\u00e1ticos.\nAssim, a matr\u00edcula deve ser feita em uma das turmas:<\/p>\n\n\n\n<p class=\"wp-block-paragraph\">&#8211; Turma 11 (18 vagas): quarta-feira, 8h30min \u00e0s 12h30min\n(4 cr\u00e9ditos te\u00f3ricos), e sexta-feira, 8h30min \u00e0s 10h30min (2 cr\u00e9ditos\npr\u00e1ticos); &nbsp;<\/p>\n\n\n\n<p class=\"wp-block-paragraph\">&#8211; Turma 12 (18 vagas): quarta-feira, 8h30min \u00e0s\n12h30min (4 cr\u00e9ditos te\u00f3ricos), e sexta-feira, 10h30min \u00e0s 12h30min (2 cr\u00e9ditos\npr\u00e1ticos).<\/p>\n\n\n\n<p class=\"wp-block-paragraph\">b) A disciplina de Pesquisa Mercadol\u00f3gica em Propaganda\n(COM3042) comp\u00f5e o elenco das disciplinas obrigat\u00f3rias ofertadas, alocada do 4\u00ba\nsemestre, em uma troca com a disciplina de Planejamento em Publicidade (que\nser\u00e1 ofertada no semestre 2020\/2).<\/p>\n\n\n\n<p class=\"wp-block-paragraph\">3) Para o <strong>5\u00ba semestre<\/strong>:\n<\/p>\n\n\n\n<p class=\"wp-block-paragraph\">a) A disciplina <strong>Comunica\u00e7\u00e3o\ne Cidadania (COM3013)<\/strong> \u00e9 ofertada em tr\u00eas turmas:<\/p>\n\n\n\n<p class=\"wp-block-paragraph\">&#8211; Turma 11 (10 vagas): segunda-feira, das 13h30min \u00e0s\n17h30min (4 cr\u00e9ditos te\u00f3ricos), e sexta-feira, 8h30min \u00e0s 10h30min (2 cr\u00e9ditos\npr\u00e1ticos);<\/p>\n\n\n\n<p class=\"wp-block-paragraph\">&#8211; Turma 12 (10 vagas): quarta-feira, das 8h30min \u00e0s\n12h30min (4 cr\u00e9ditos te\u00f3ricos), e sexta-feira, 8h30min \u00e0s 10h30min (2 cr\u00e9ditos\npr\u00e1ticos);<\/p>\n\n\n\n<p class=\"wp-block-paragraph\">&#8211; Turma 13 (10 vagas): quinta-feira, das 8h30min \u00e0s\n12h30min (4 cr\u00e9ditos te\u00f3ricos), e sexta-feira, 10h30min \u00e0s 12h30min (2 cr\u00e9ditos\npr\u00e1ticos). <\/p>\n\n\n\n<p class=\"wp-block-paragraph\">4) Para o <strong>7\u00ba semestre<\/strong>:<\/p>\n\n\n\n<p class=\"wp-block-paragraph\">A matr\u00edcula em <strong>Teorias\nAplicadas em Comunica\u00e7\u00e3o I (COM3090)<\/strong> deve seguir a divis\u00e3o de orienta\u00e7\u00f5es\nj\u00e1 divulgada aos acad\u00eamicos. Assim, cada aluno(a) far\u00e1 a\nmatr\u00edcula na turma do seu professor orientador (turmas possuem os nomes dos\nprofessores orientadores).<\/p>\n\n\n\n<p class=\"wp-block-paragraph\">5) A matr\u00edcula em <strong>Teorias\nAplicadas em Comunica\u00e7\u00e3o II (COM3098)<\/strong> deve seguir a divis\u00e3o de orienta\u00e7\u00f5es\nj\u00e1 divulgada aos acad\u00eamicos. Assim, cada aluno(a) far\u00e1 a matr\u00edcula na turma do\nseu professor orientador (turmas possuem os nomes dos professores\norientadores).<\/p>\n\n\n\n<p class=\"wp-block-paragraph\">6) O curso oferta a disciplina <strong>Pr\u00e1ticas Publicit\u00e1rias IV<\/strong>, como DCG (10 vagas), destinada aos\nacad\u00eamicos que desenvolvem atividades na Facos Ag\u00eancia. Tamb\u00e9m \u00e9 ofertada a DCG\n<strong>Comunica\u00e7\u00e3o e G\u00eanero (COM2083) <\/strong>(10\nvagas).<\/p>\n\n\n\n<p class=\"wp-block-paragraph\">As respectivas salas de aula est\u00e3o divulgadas, conforme\ndisponibilidade confirmada pelo Centro de Ci\u00eancias Sociais e Humanas (CCSH).<\/p>\n\n\n\n<p class=\"wp-block-paragraph\">Eventuais d\u00favidas podem ser esclarecidas na secretaria do\nCurso (sala 5235, do pr\u00e9dio 21, ou pelo telefone 3220-8487).<\/p>\n\n\n\n<p class=\"wp-block-paragraph\">Atenciosamente,<\/p>\n\n\n\n<p class=\"wp-block-paragraph\">Coordena\u00e7\u00e3o do Curso de Comunica\u00e7\u00e3o Social \u2013 Publicidade e\nPropaganda<\/p>\n","protected":false},"excerpt":{"rendered":"<p>A Coordena\u00e7\u00e3o do Curso de Comunica\u00e7\u00e3o Social \u2013 Publicidade e Propaganda orienta sobre a matr\u00edcula para o primeiro semestre letivo de 2020. Os estudantes devem seguir os prazos do Calend\u00e1rio Acad\u00eamico e procedimentos da Universidade relativos \u00e0 matr\u00edcula. Algumas orienta\u00e7\u00f5es espec\u00edficas: 1) Para o 1\u00ba semestre (matr\u00edcula na confirma\u00e7\u00e3o de vaga): a) A disciplina Cria\u00e7\u00e3o [&hellip;]<\/p>\n","protected":false},"author":364,"featured_media":0,"comment_status":"closed","ping_status":"closed","sticky":false,"template":"","format":"standard","meta":{"footnotes":""},"categories":[1],"tags":[],"class_list":["post-479","post","type-post","status-publish","format-standard","hentry","category-sem-categoria"],"acf":[],"_links":{"self":[{"href":"https:\/\/www.ufsm.br\/cursos\/graduacao\/santa-maria\/publicidade-e-propaganda\/wp-json\/wp\/v2\/posts\/479","targetHints":{"allow":["GET"]}}],"collection":[{"href":"https:\/\/www.ufsm.br\/cursos\/graduacao\/santa-maria\/publicidade-e-propaganda\/wp-json\/wp\/v2\/posts"}],"about":[{"href":"https:\/\/www.ufsm.br\/cursos\/graduacao\/santa-maria\/publicidade-e-propaganda\/wp-json\/wp\/v2\/types\/post"}],"author":[{"embeddable":true,"href":"https:\/\/www.ufsm.br\/cursos\/graduacao\/santa-maria\/publicidade-e-propaganda\/wp-json\/wp\/v2\/users\/364"}],"replies":[{"embeddable":true,"href":"https:\/\/www.ufsm.br\/cursos\/graduacao\/santa-maria\/publicidade-e-propaganda\/wp-json\/wp\/v2\/comments?post=479"}],"version-history":[{"count":0,"href":"https:\/\/www.ufsm.br\/cursos\/graduacao\/santa-maria\/publicidade-e-propaganda\/wp-json\/wp\/v2\/posts\/479\/revisions"}],"wp:attachment":[{"href":"https:\/\/www.ufsm.br\/cursos\/graduacao\/santa-maria\/publicidade-e-propaganda\/wp-json\/wp\/v2\/media?parent=479"}],"wp:term":[{"taxonomy":"category","embeddable":true,"href":"https:\/\/www.ufsm.br\/cursos\/graduacao\/santa-maria\/publicidade-e-propaganda\/wp-json\/wp\/v2\/categories?post=479"},{"taxonomy":"post_tag","embeddable":true,"href":"https:\/\/www.ufsm.br\/cursos\/graduacao\/santa-maria\/publicidade-e-propaganda\/wp-json\/wp\/v2\/tags?post=479"}],"curies":[{"name":"wp","href":"https:\/\/api.w.org\/{rel}","templated":true}]}}