{"id":894,"date":"2026-09-04T09:01:37","date_gmt":"2026-09-04T12:01:37","guid":{"rendered":"https:\/\/www.ufsm.br\/cursos\/graduacao\/santa-maria\/publicidade-e-propaganda\/?p=894"},"modified":"2026-09-04T09:01:40","modified_gmt":"2026-09-04T12:01:40","slug":"curso-de-publicidade-e-propaganda-abre-selecao-para-bolsista-da-facos-agencia","status":"publish","type":"post","link":"https:\/\/www.ufsm.br\/cursos\/graduacao\/santa-maria\/publicidade-e-propaganda\/2026\/09\/04\/curso-de-publicidade-e-propaganda-abre-selecao-para-bolsista-da-facos-agencia","title":{"rendered":"Curso de Publicidade e Propaganda abre sele\u00e7\u00e3o para bolsista da Facos Ag\u00eancia"},"content":{"rendered":"\n<p class=\"wp-block-paragraph\">O Curso de Publicidade e Propaganda da Universidade Federal de Santa Maria (UFSM) est\u00e1 com inscri\u00e7\u00f5es abertas para sele\u00e7\u00e3o de <strong>um bolsista 2A para atua\u00e7\u00e3o no Laborat\u00f3rio de Pr\u00e1ticas Profissionais \u2013 Facos Ag\u00eancia<\/strong>. A sele\u00e7\u00e3o \u00e9 regulamentada pelo <strong>Edital n\u00ba 17, de 3 de setembro de 2026<\/strong>, do Departamento de Ci\u00eancias da Comunica\u00e7\u00e3o. As inscri\u00e7\u00f5es ser\u00e3o realizadas no per\u00edodo de <strong>4 a 5 de setembro de 2026<\/strong>.<\/p>\n\n\n\n<h2 class=\"wp-block-heading\">Quem pode participar<\/h2>\n\n\n\n<p class=\"wp-block-paragraph\">A oportunidade \u00e9 destinada a estudantes regularmente matriculados no curso presencial de <strong>Comunica\u00e7\u00e3o Social \u2013 Publicidade e Propaganda<\/strong>, a partir do <strong>5\u00ba semestre<\/strong>. O estudante selecionado dever\u00e1 dedicar <strong>16 a 20 horas semanais<\/strong> \u00e0s atividades da bolsa e n\u00e3o poder\u00e1 estar vinculado a outra bolsa, independentemente do \u00f3rg\u00e3o financiador. Tamb\u00e9m \u00e9 necess\u00e1rio ter obtido, no m\u00ednimo, <strong>50% de aprova\u00e7\u00e3o nas disciplinas cursadas no semestre anterior<\/strong>.<\/p>\n\n\n\n<h2 class=\"wp-block-heading\">Atividades e conhecimentos<\/h2>\n\n\n\n<p class=\"wp-block-paragraph\">Entre os conhecimentos e atividades previstos para a vaga est\u00e3o:<\/p>\n\n\n\n<ul class=\"wp-block-list\">\n<li>cria\u00e7\u00e3o de estrat\u00e9gias de comunica\u00e7\u00e3o para m\u00eddias digitais;<\/li>\n\n\n\n<li>elabora\u00e7\u00e3o de planos de m\u00eddia e cronogramas de a\u00e7\u00f5es;<\/li>\n\n\n\n<li>reda\u00e7\u00e3o publicit\u00e1ria para diferentes formatos, como an\u00fancios, roteiros, slogans e conte\u00fados digitais;<\/li>\n\n\n\n<li>dire\u00e7\u00e3o de arte e utiliza\u00e7\u00e3o de ferramentas gr\u00e1ficas, como Photoshop, Illustrator e Canva;<\/li>\n\n\n\n<li>desenvolvimento de campanhas criativas para marcas, produtos ou causas;<\/li>\n\n\n\n<li>apoio \u00e0s atividades de coordena\u00e7\u00e3o e divulga\u00e7\u00e3o dos eventos do Curso de Publicidade e Propaganda;<\/li>\n\n\n\n<li>gest\u00e3o das m\u00eddias sociais e do website do Curso.<\/li>\n<\/ul>\n\n\n\n<h2 class=\"wp-block-heading\">Como se inscrever<\/h2>\n\n\n\n<p class=\"wp-block-paragraph\">Para participar da sele\u00e7\u00e3o, o candidato dever\u00e1 encaminhar a documenta\u00e7\u00e3o exigida para o e-mail <a href=\"mailto:pp@ufsm.br\"><strong>pp@ufsm.br<\/strong><\/a>.<\/p>\n\n\n\n<p class=\"wp-block-paragraph\">S\u00e3o necess\u00e1rios:<\/p>\n\n\n\n<ul class=\"wp-block-list\">\n<li>formul\u00e1rio de inscri\u00e7\u00e3o devidamente preenchido;<\/li>\n\n\n\n<li>comprovante de matr\u00edcula do semestre atual;<\/li>\n\n\n\n<li>hist\u00f3rico acad\u00eamico atualizado;<\/li>\n\n\n\n<li>curr\u00edculo sucinto, destacando os conhecimentos relacionados \u00e0s atividades do projeto.<\/li>\n<\/ul>\n\n\n\n<h2 class=\"wp-block-heading\">Cronograma<\/h2>\n\n\n\n<p class=\"wp-block-paragraph\"><strong>Inscri\u00e7\u00f5es:<\/strong> 4 e 9 de setembro de 2026<br><strong>Envio da documenta\u00e7\u00e3o:<\/strong> <a href=\"mailto:pp@ufsm.br\">pp@ufsm.br<\/a><br><strong>Divulga\u00e7\u00e3o do resultado:<\/strong> 11 de setembro de 2026<br><strong>In\u00edcio das atividades:<\/strong> 15 de setembro de 2026, nos laborat\u00f3rios do Curso.<\/p>\n\n\n\n<p class=\"wp-block-paragraph\">O processo seletivo ser\u00e1 realizado inicialmente por meio da an\u00e1lise da documenta\u00e7\u00e3o e verifica\u00e7\u00e3o dos crit\u00e9rios estabelecidos no edital. Em seguida, ser\u00e1 avaliada a compatibilidade entre os hor\u00e1rios das atividades acad\u00eamicas do candidato e aqueles previstos para o desenvolvimento do projeto.<\/p>\n\n\n\n<h2 class=\"wp-block-heading\">Bolsa<\/h2>\n\n\n\n<p class=\"wp-block-paragraph\">A bolsa tem valor de <strong>R$ 700,00<\/strong>, em pagamento \u00fanico, para carga hor\u00e1ria de 20 horas semanais. A dura\u00e7\u00e3o prevista \u00e9 de <strong>tr\u00eas meses<\/strong>, podendo haver prorroga\u00e7\u00e3o conforme a necessidade do orientador do projeto.<\/p>\n\n\n\n<p class=\"wp-block-paragraph\"><strong>Confira o Edital n\u00ba 17\/2026, no link abaixo e o formul\u00e1rio de inscri\u00e7\u00e3o para conhecer todos os crit\u00e9rios e procedimentos da sele\u00e7\u00e3o.<\/strong><\/p>\n\n\n\n<p class=\"wp-block-paragraph\">Link do Edital: <a href=\"https:\/\/drive.google.com\/file\/d\/1JKCr8tya51umZiT0H2-Slj-kbOZ1sdVc\/view?usp=sharing\">https:\/\/drive.google.com\/file\/d\/1JKCr8tya51umZiT0H2-Slj-kbOZ1sdVc\/view?usp=sharing<\/a><\/p>\n\n\n\n<p class=\"wp-block-paragraph\"><\/p>\n","protected":false},"excerpt":{"rendered":"<p>O Curso de Publicidade e Propaganda da Universidade Federal de Santa Maria (UFSM) est\u00e1 com inscri\u00e7\u00f5es abertas para sele\u00e7\u00e3o de um bolsista 2A para atua\u00e7\u00e3o no Laborat\u00f3rio de Pr\u00e1ticas Profissionais \u2013 Facos Ag\u00eancia. A sele\u00e7\u00e3o \u00e9 regulamentada pelo Edital n\u00ba 17, de 3 de setembro de 2026, do Departamento de Ci\u00eancias da Comunica\u00e7\u00e3o. As inscri\u00e7\u00f5es [&hellip;]<\/p>\n","protected":false},"author":2759,"featured_media":0,"comment_status":"closed","ping_status":"closed","sticky":false,"template":"","format":"standard","meta":{"footnotes":""},"categories":[1],"tags":[],"class_list":["post-894","post","type-post","status-publish","format-standard","hentry","category-sem-categoria"],"acf":[],"_links":{"self":[{"href":"https:\/\/www.ufsm.br\/cursos\/graduacao\/santa-maria\/publicidade-e-propaganda\/wp-json\/wp\/v2\/posts\/894","targetHints":{"allow":["GET"]}}],"collection":[{"href":"https:\/\/www.ufsm.br\/cursos\/graduacao\/santa-maria\/publicidade-e-propaganda\/wp-json\/wp\/v2\/posts"}],"about":[{"href":"https:\/\/www.ufsm.br\/cursos\/graduacao\/santa-maria\/publicidade-e-propaganda\/wp-json\/wp\/v2\/types\/post"}],"author":[{"embeddable":true,"href":"https:\/\/www.ufsm.br\/cursos\/graduacao\/santa-maria\/publicidade-e-propaganda\/wp-json\/wp\/v2\/users\/2759"}],"replies":[{"embeddable":true,"href":"https:\/\/www.ufsm.br\/cursos\/graduacao\/santa-maria\/publicidade-e-propaganda\/wp-json\/wp\/v2\/comments?post=894"}],"version-history":[{"count":0,"href":"https:\/\/www.ufsm.br\/cursos\/graduacao\/santa-maria\/publicidade-e-propaganda\/wp-json\/wp\/v2\/posts\/894\/revisions"}],"wp:attachment":[{"href":"https:\/\/www.ufsm.br\/cursos\/graduacao\/santa-maria\/publicidade-e-propaganda\/wp-json\/wp\/v2\/media?parent=894"}],"wp:term":[{"taxonomy":"category","embeddable":true,"href":"https:\/\/www.ufsm.br\/cursos\/graduacao\/santa-maria\/publicidade-e-propaganda\/wp-json\/wp\/v2\/categories?post=894"},{"taxonomy":"post_tag","embeddable":true,"href":"https:\/\/www.ufsm.br\/cursos\/graduacao\/santa-maria\/publicidade-e-propaganda\/wp-json\/wp\/v2\/tags?post=894"}],"curies":[{"name":"wp","href":"https:\/\/api.w.org\/{rel}","templated":true}]}}