{"id":1380,"date":"2022-08-30T07:00:00","date_gmt":"2022-08-30T10:00:00","guid":{"rendered":"https:\/\/www.ufsm.br\/cursos\/graduacao\/santa-maria\/relacoes-internacionais\/?p=1380"},"modified":"2022-08-26T16:58:31","modified_gmt":"2022-08-26T19:58:31","slug":"inscricoes-abertas-para-dois-novos-cursos-de-frances-no-idioma-sem-fronteiras","status":"publish","type":"post","link":"https:\/\/www.ufsm.br\/cursos\/graduacao\/santa-maria\/relacoes-internacionais\/2022\/08\/30\/inscricoes-abertas-para-dois-novos-cursos-de-frances-no-idioma-sem-fronteiras","title":{"rendered":"Inscri\u00e7\u00f5es abertas para dois novos cursos de franc\u00eas no Idioma sem fronteiras"},"content":{"rendered":"\n<p class=\"wp-block-paragraph\">O Nucli-Franc\u00eas do Idiomas sem Fronteiras<strong>&nbsp;abriu inscri\u00e7\u00f5es para dois novos cursos de franc\u00eas<\/strong>&nbsp;que podem interessar os alunos, professores e t\u00e9cnicos da sua unidade. Ambos os cursos s\u00e3o para iniciantes que tiveram pouco ou nenhum contato com a l\u00edngua francesa. Se poss\u00edvel, pe\u00e7o que divulguem a informa\u00e7\u00e3o.&nbsp;<\/p>\n\n\n\n<p class=\"wp-block-paragraph\">Detalhes dos cursos podem ser encontrados clicando&nbsp;<a href=\"https:\/\/ufsm.br\/r-853-500\" target=\"_blank\" rel=\"noreferrer noopener\">aqui<\/a>.<\/p>\n\n\n\n<p class=\"wp-block-paragraph\">Atenciosamente,&#8211;<\/p>\n\n\n\n<p class=\"wp-block-paragraph\"><strong>Wesley Macedo<\/strong><\/p>\n\n\n\n<p class=\"wp-block-paragraph\"><strong>Bolsista&nbsp;<\/strong><strong>ISF &#8211; Franc\u00eas&nbsp;<\/strong><\/p>\n\n\n\n<p class=\"wp-block-paragraph\"><strong>Universidade Federal de Santa Maria&nbsp;<\/strong><\/p>\n\n\n\n<figure class=\"wp-block-gallery has-nested-images columns-default is-cropped wp-block-gallery-1 is-layout-flex wp-block-gallery-is-layout-flex\">\n<figure class=\"wp-block-image size-large\"><img fetchpriority=\"high\" decoding=\"async\" width=\"1024\" height=\"1024\" data-id=\"1382\" src=\"https:\/\/www.ufsm.br\/app\/uploads\/sites\/474\/2022\/08\/1-1-1024x1024.jpg\" alt=\"\" class=\"wp-image-1382\" srcset=\"https:\/\/www.ufsm.br\/app\/uploads\/sites\/474\/2022\/08\/1-1-1024x1024.jpg 1024w, https:\/\/www.ufsm.br\/app\/uploads\/sites\/474\/2022\/08\/1-1-300x300.jpg 300w, https:\/\/www.ufsm.br\/app\/uploads\/sites\/474\/2022\/08\/1-1-150x150.jpg 150w, https:\/\/www.ufsm.br\/app\/uploads\/sites\/474\/2022\/08\/1-1-768x768.jpg 768w, https:\/\/www.ufsm.br\/app\/uploads\/sites\/474\/2022\/08\/1-1.jpg 1080w\" sizes=\"(max-width: 1024px) 100vw, 1024px\" \/><\/figure>\n\n\n\n<figure class=\"wp-block-image size-large\"><img decoding=\"async\" width=\"1024\" height=\"1024\" data-id=\"1381\" src=\"https:\/\/www.ufsm.br\/app\/uploads\/sites\/474\/2022\/08\/2-1024x1024.jpg\" alt=\"\" class=\"wp-image-1381\" srcset=\"https:\/\/www.ufsm.br\/app\/uploads\/sites\/474\/2022\/08\/2-1024x1024.jpg 1024w, https:\/\/www.ufsm.br\/app\/uploads\/sites\/474\/2022\/08\/2-300x300.jpg 300w, https:\/\/www.ufsm.br\/app\/uploads\/sites\/474\/2022\/08\/2-150x150.jpg 150w, https:\/\/www.ufsm.br\/app\/uploads\/sites\/474\/2022\/08\/2-768x768.jpg 768w, https:\/\/www.ufsm.br\/app\/uploads\/sites\/474\/2022\/08\/2.jpg 1080w\" sizes=\"(max-width: 1024px) 100vw, 1024px\" \/><\/figure>\n<\/figure>\n","protected":false},"excerpt":{"rendered":"<p>O Nucli-Franc\u00eas do Idiomas sem Fronteiras&nbsp;abriu inscri\u00e7\u00f5es para dois novos cursos de franc\u00eas&nbsp;que podem interessar os alunos, professores e t\u00e9cnicos da sua unidade. Ambos os cursos s\u00e3o para iniciantes que tiveram pouco ou nenhum contato com a l\u00edngua francesa. Se poss\u00edvel, pe\u00e7o que divulguem a informa\u00e7\u00e3o.&nbsp; Detalhes dos cursos podem ser encontrados clicando&nbsp;aqui. Atenciosamente,&#8211; Wesley [&hellip;]<\/p>\n","protected":false},"author":2252,"featured_media":0,"comment_status":"closed","ping_status":"closed","sticky":false,"template":"","format":"standard","meta":{"footnotes":""},"categories":[1],"tags":[],"class_list":["post-1380","post","type-post","status-publish","format-standard","hentry","category-sem-categoria"],"acf":[],"_links":{"self":[{"href":"https:\/\/www.ufsm.br\/cursos\/graduacao\/santa-maria\/relacoes-internacionais\/wp-json\/wp\/v2\/posts\/1380","targetHints":{"allow":["GET"]}}],"collection":[{"href":"https:\/\/www.ufsm.br\/cursos\/graduacao\/santa-maria\/relacoes-internacionais\/wp-json\/wp\/v2\/posts"}],"about":[{"href":"https:\/\/www.ufsm.br\/cursos\/graduacao\/santa-maria\/relacoes-internacionais\/wp-json\/wp\/v2\/types\/post"}],"author":[{"embeddable":true,"href":"https:\/\/www.ufsm.br\/cursos\/graduacao\/santa-maria\/relacoes-internacionais\/wp-json\/wp\/v2\/users\/2252"}],"replies":[{"embeddable":true,"href":"https:\/\/www.ufsm.br\/cursos\/graduacao\/santa-maria\/relacoes-internacionais\/wp-json\/wp\/v2\/comments?post=1380"}],"version-history":[{"count":0,"href":"https:\/\/www.ufsm.br\/cursos\/graduacao\/santa-maria\/relacoes-internacionais\/wp-json\/wp\/v2\/posts\/1380\/revisions"}],"wp:attachment":[{"href":"https:\/\/www.ufsm.br\/cursos\/graduacao\/santa-maria\/relacoes-internacionais\/wp-json\/wp\/v2\/media?parent=1380"}],"wp:term":[{"taxonomy":"category","embeddable":true,"href":"https:\/\/www.ufsm.br\/cursos\/graduacao\/santa-maria\/relacoes-internacionais\/wp-json\/wp\/v2\/categories?post=1380"},{"taxonomy":"post_tag","embeddable":true,"href":"https:\/\/www.ufsm.br\/cursos\/graduacao\/santa-maria\/relacoes-internacionais\/wp-json\/wp\/v2\/tags?post=1380"}],"curies":[{"name":"wp","href":"https:\/\/api.w.org\/{rel}","templated":true}]}}