{"id":1461,"date":"2022-09-27T15:48:19","date_gmt":"2022-09-27T18:48:19","guid":{"rendered":"https:\/\/www.ufsm.br\/cursos\/graduacao\/santa-maria\/relacoes-internacionais\/?p=1461"},"modified":"2022-09-30T16:42:17","modified_gmt":"2022-09-30T19:42:17","slug":"selecao-de-bolsista-para-o-projeto-esperancando","status":"publish","type":"post","link":"https:\/\/www.ufsm.br\/cursos\/graduacao\/santa-maria\/relacoes-internacionais\/2022\/09\/27\/selecao-de-bolsista-para-o-projeto-esperancando","title":{"rendered":"Sele\u00e7\u00e3o de bolsista para o Projeto Esperan\u00e7ando"},"content":{"rendered":"\n<p class=\"wp-block-paragraph\">A a\u00e7\u00e3o de extens\u00e3o denominada Esperan\u00e7ando, torna p\u00fablica a abertura de inscri\u00e7\u00f5es para sele\u00e7\u00e3o de BOLSISTA para cadastro reserva, para atuar junto ao Observat\u00f3rio de Direitos Humanos da UFSM, conforme descri\u00e7\u00e3o das vagas no item 3 desta chamada.<\/p>\n\n\n\n<div class=\"wp-block-file\"><a id=\"wp-block-file--media-7f4f9a81-e0d1-4a13-8506-7dcd45a09dda\" href=\"https:\/\/www.ufsm.br\/app\/uploads\/sites\/474\/2022\/09\/Edital-002-ODH-2022-bolsista-Esperanando.pdf\" target=\"_blank\" rel=\"noreferrer noopener\">Edital-002-ODH-2022-bolsista-Esperanando<\/a><a href=\"https:\/\/www.ufsm.br\/app\/uploads\/sites\/474\/2022\/09\/Edital-002-ODH-2022-bolsista-Esperanando.pdf\" class=\"wp-block-file__button\" download aria-describedby=\"wp-block-file--media-7f4f9a81-e0d1-4a13-8506-7dcd45a09dda\">Baixar<\/a><\/div>\n\n\n\n<div data-wp-interactive=\"core\/file\" class=\"wp-block-file\"><object data-wp-bind--hidden=\"!state.hasPdfPreview\" hidden class=\"wp-block-file__embed\" data=\"https:\/\/www.ufsm.br\/app\/uploads\/sites\/474\/2022\/09\/RESULTADO_FINAL_SELECAO-DE-BOLSISTAS_-Edital_02_-_ODH_2022.docx_1_assinado.pdf\" type=\"application\/pdf\" style=\"width:100%;height:600px\" aria-label=\"Incorporado de Incorporado de RESULTADO_FINAL_SELECAO-DE-BOLSISTAS_-Edital_02_-_ODH_2022.docx_1_assinado..\"><\/object><a id=\"wp-block-file--media-61ab246d-ddf5-4a9e-9377-6d356ad1eaeb\" href=\"https:\/\/www.ufsm.br\/app\/uploads\/sites\/474\/2022\/09\/RESULTADO_FINAL_SELECAO-DE-BOLSISTAS_-Edital_02_-_ODH_2022.docx_1_assinado.pdf\" target=\"_blank\" rel=\"noreferrer noopener\">RESULTADO_FINAL_SELECAO-DE-BOLSISTAS_-Edital_02_-_ODH_2022.docx_1_assinado<\/a><a href=\"https:\/\/www.ufsm.br\/app\/uploads\/sites\/474\/2022\/09\/RESULTADO_FINAL_SELECAO-DE-BOLSISTAS_-Edital_02_-_ODH_2022.docx_1_assinado.pdf\" class=\"wp-block-file__button\" download aria-describedby=\"wp-block-file--media-61ab246d-ddf5-4a9e-9377-6d356ad1eaeb\">Baixar<\/a><\/div>\n","protected":false},"excerpt":{"rendered":"<p>A a\u00e7\u00e3o de extens\u00e3o denominada Esperan\u00e7ando, torna p\u00fablica a abertura de inscri\u00e7\u00f5es para sele\u00e7\u00e3o de BOLSISTA para cadastro reserva, para atuar junto ao Observat\u00f3rio de Direitos Humanos da UFSM, conforme descri\u00e7\u00e3o das vagas no item 3 desta chamada.<\/p>\n","protected":false},"author":2252,"featured_media":0,"comment_status":"closed","ping_status":"closed","sticky":false,"template":"","format":"standard","meta":{"footnotes":""},"categories":[1],"tags":[],"class_list":["post-1461","post","type-post","status-publish","format-standard","hentry","category-sem-categoria"],"acf":[],"_links":{"self":[{"href":"https:\/\/www.ufsm.br\/cursos\/graduacao\/santa-maria\/relacoes-internacionais\/wp-json\/wp\/v2\/posts\/1461","targetHints":{"allow":["GET"]}}],"collection":[{"href":"https:\/\/www.ufsm.br\/cursos\/graduacao\/santa-maria\/relacoes-internacionais\/wp-json\/wp\/v2\/posts"}],"about":[{"href":"https:\/\/www.ufsm.br\/cursos\/graduacao\/santa-maria\/relacoes-internacionais\/wp-json\/wp\/v2\/types\/post"}],"author":[{"embeddable":true,"href":"https:\/\/www.ufsm.br\/cursos\/graduacao\/santa-maria\/relacoes-internacionais\/wp-json\/wp\/v2\/users\/2252"}],"replies":[{"embeddable":true,"href":"https:\/\/www.ufsm.br\/cursos\/graduacao\/santa-maria\/relacoes-internacionais\/wp-json\/wp\/v2\/comments?post=1461"}],"version-history":[{"count":0,"href":"https:\/\/www.ufsm.br\/cursos\/graduacao\/santa-maria\/relacoes-internacionais\/wp-json\/wp\/v2\/posts\/1461\/revisions"}],"wp:attachment":[{"href":"https:\/\/www.ufsm.br\/cursos\/graduacao\/santa-maria\/relacoes-internacionais\/wp-json\/wp\/v2\/media?parent=1461"}],"wp:term":[{"taxonomy":"category","embeddable":true,"href":"https:\/\/www.ufsm.br\/cursos\/graduacao\/santa-maria\/relacoes-internacionais\/wp-json\/wp\/v2\/categories?post=1461"},{"taxonomy":"post_tag","embeddable":true,"href":"https:\/\/www.ufsm.br\/cursos\/graduacao\/santa-maria\/relacoes-internacionais\/wp-json\/wp\/v2\/tags?post=1461"}],"curies":[{"name":"wp","href":"https:\/\/api.w.org\/{rel}","templated":true}]}}