{"id":1610,"date":"2022-10-27T08:51:50","date_gmt":"2022-10-27T11:51:50","guid":{"rendered":"https:\/\/www.ufsm.br\/cursos\/graduacao\/santa-maria\/relacoes-internacionais\/?p=1610"},"modified":"2022-10-27T09:00:34","modified_gmt":"2022-10-27T12:00:34","slug":"inscricoes-no-teste-de-suficiencia-em-leitura-em-lingua-estrangeira-teslle-para-o-2o-semestre-de-2022","status":"publish","type":"post","link":"https:\/\/www.ufsm.br\/cursos\/graduacao\/santa-maria\/relacoes-internacionais\/2022\/10\/27\/inscricoes-no-teste-de-suficiencia-em-leitura-em-lingua-estrangeira-teslle-para-o-2o-semestre-de-2022","title":{"rendered":"Inscri\u00e7\u00f5es no Teste de Sufici\u00eancia em Leitura em L\u00edngua Estrangeira (TESLLE) para o 2\u00ba semestre de 2022\u00a0"},"content":{"rendered":"\n<p class=\"wp-block-paragraph\">A Universidade Federal de Santa Maria (UFSM), por meio da Pr\u00f3-Reitoria de Gradua\u00e7\u00e3o (PROGRAD) e do Departamento de Letras Estrangeiras Modernas (DLEM), torna p\u00fablico que, no per\u00edodo&nbsp;<strong>de 11 de outubro a 06 de novembro de 2022<\/strong>, estar\u00e3o abertas as<strong>&nbsp;inscri\u00e7\u00f5es ao Teste de Sufici\u00eancia em Leitura em L\u00edngua Estrangeira (TESLLE) para o 2\u00ba semestre de 2022<\/strong>, visando a aferir a habilidade de leitura em l\u00ednguas estrangeiras das pessoas inscritas, conforme a Resolu\u00e7\u00e3o n.\u00ba 003\/2010, da UFSM.<\/p>\n\n\n\n<p class=\"wp-block-paragraph\">O teste de sufici\u00eancia, regido pela legisla\u00e7\u00e3o vigente, ser\u00e1 realizado em&nbsp;<strong>27 de novembro de 2022<\/strong>, no munic\u00edpio-sede de Santa Maria, RS, com&nbsp;<strong>in\u00edcio \u00e0s 9 horas e t\u00e9rmino \u00e0s 11 horas<\/strong>, hor\u00e1rio de Bras\u00edlia. O processo classificat\u00f3rio ser\u00e1 constitu\u00eddo por um teste de&nbsp;<strong>l\u00edngua francesa, espanhola, alem\u00e3, inglesa ou portuguesa como l\u00edngua estrangeira<\/strong>, conforme a op\u00e7\u00e3o de inscri\u00e7\u00e3o, com&nbsp;<strong>16 quest\u00f5es objetivas<\/strong>.<\/p>\n\n\n\n<p class=\"wp-block-paragraph\">Outras informa\u00e7\u00f5es podem ser solicitadas aos e-mails\u00a0<a rel=\"noreferrer noopener\" href=\"mailto:suficiencia.ufsm@gmail.com\" target=\"_blank\"><strong>suficiencia.ufsm@gmail.com<\/strong><\/a>\u00a0e\u00a0<a href=\"mailto:falecom@nisa.ufsm.br\"><strong>falecom@nisa.ufsm.br<\/strong><\/a><\/p>\n\n\n\n<figure class=\"wp-block-image size-full\"><img fetchpriority=\"high\" decoding=\"async\" width=\"756\" height=\"453\" src=\"https:\/\/www.ufsm.br\/app\/uploads\/sites\/474\/2022\/10\/39300747_2472004513026171_5087482778946109440_n.jpg\" alt=\"\" class=\"wp-image-1611\" srcset=\"https:\/\/www.ufsm.br\/app\/uploads\/sites\/474\/2022\/10\/39300747_2472004513026171_5087482778946109440_n.jpg 756w, https:\/\/www.ufsm.br\/app\/uploads\/sites\/474\/2022\/10\/39300747_2472004513026171_5087482778946109440_n-300x180.jpg 300w\" sizes=\"(max-width: 756px) 100vw, 756px\" \/><\/figure>\n","protected":false},"excerpt":{"rendered":"<p>A Universidade Federal de Santa Maria (UFSM), por meio da Pr\u00f3-Reitoria de Gradua\u00e7\u00e3o (PROGRAD) e do Departamento de Letras Estrangeiras Modernas (DLEM), torna p\u00fablico que, no per\u00edodo&nbsp;de 11 de outubro a 06 de novembro de 2022, estar\u00e3o abertas as&nbsp;inscri\u00e7\u00f5es ao Teste de Sufici\u00eancia em Leitura em L\u00edngua Estrangeira (TESLLE) para o 2\u00ba semestre de 2022, [&hellip;]<\/p>\n","protected":false},"author":2252,"featured_media":0,"comment_status":"closed","ping_status":"closed","sticky":false,"template":"","format":"standard","meta":{"footnotes":""},"categories":[2],"tags":[227,228],"class_list":["post-1610","post","type-post","status-publish","format-standard","hentry","category-noticias","tag-lingua-estrangeira","tag-teslle"],"acf":[],"_links":{"self":[{"href":"https:\/\/www.ufsm.br\/cursos\/graduacao\/santa-maria\/relacoes-internacionais\/wp-json\/wp\/v2\/posts\/1610","targetHints":{"allow":["GET"]}}],"collection":[{"href":"https:\/\/www.ufsm.br\/cursos\/graduacao\/santa-maria\/relacoes-internacionais\/wp-json\/wp\/v2\/posts"}],"about":[{"href":"https:\/\/www.ufsm.br\/cursos\/graduacao\/santa-maria\/relacoes-internacionais\/wp-json\/wp\/v2\/types\/post"}],"author":[{"embeddable":true,"href":"https:\/\/www.ufsm.br\/cursos\/graduacao\/santa-maria\/relacoes-internacionais\/wp-json\/wp\/v2\/users\/2252"}],"replies":[{"embeddable":true,"href":"https:\/\/www.ufsm.br\/cursos\/graduacao\/santa-maria\/relacoes-internacionais\/wp-json\/wp\/v2\/comments?post=1610"}],"version-history":[{"count":0,"href":"https:\/\/www.ufsm.br\/cursos\/graduacao\/santa-maria\/relacoes-internacionais\/wp-json\/wp\/v2\/posts\/1610\/revisions"}],"wp:attachment":[{"href":"https:\/\/www.ufsm.br\/cursos\/graduacao\/santa-maria\/relacoes-internacionais\/wp-json\/wp\/v2\/media?parent=1610"}],"wp:term":[{"taxonomy":"category","embeddable":true,"href":"https:\/\/www.ufsm.br\/cursos\/graduacao\/santa-maria\/relacoes-internacionais\/wp-json\/wp\/v2\/categories?post=1610"},{"taxonomy":"post_tag","embeddable":true,"href":"https:\/\/www.ufsm.br\/cursos\/graduacao\/santa-maria\/relacoes-internacionais\/wp-json\/wp\/v2\/tags?post=1610"}],"curies":[{"name":"wp","href":"https:\/\/api.w.org\/{rel}","templated":true}]}}