{"id":2324,"date":"2023-08-28T07:54:22","date_gmt":"2023-08-28T10:54:22","guid":{"rendered":"https:\/\/www.ufsm.br\/cursos\/graduacao\/santa-maria\/relacoes-internacionais\/?p=2324"},"modified":"2023-08-28T07:54:24","modified_gmt":"2023-08-28T10:54:24","slug":"palestra-a-missao-de-um-consul-aspectos-legais-e-de-relacoes-internacionais-acontece-em-setembro","status":"publish","type":"post","link":"https:\/\/www.ufsm.br\/cursos\/graduacao\/santa-maria\/relacoes-internacionais\/2023\/08\/28\/palestra-a-missao-de-um-consul-aspectos-legais-e-de-relacoes-internacionais-acontece-em-setembro","title":{"rendered":"Palestra \u201cA miss\u00e3o de um C\u00f4nsul: Aspectos Legais e de Rela\u00e7\u00f5es Internacionais\u201d acontece em setembro"},"content":{"rendered":"\n<div class=\"wp-block-media-text alignwide has-media-on-the-right is-stacked-on-mobile is-vertically-aligned-top\"><div class=\"wp-block-media-text__content\">\n<p class=\"wp-block-paragraph\">Os Cursos de Rela\u00e7\u00f5es Internacionais e de Direito da UFSM e o Consulado Geral da It\u00e1lia em Porto Alegre convidam para a palestra:<\/p>\n\n\n\n<p class=\"wp-block-paragraph\"><strong>\u201cA miss\u00e3o de um C\u00f4nsul: Aspectos Legais e de Rela\u00e7\u00f5es Internacionais\u201d<br><\/strong><br>Com Valerio Caruso, C\u00f4nsul-Geral da It\u00e1lia em Porto Alegre<\/p>\n\n\n\n<p class=\"wp-block-paragraph\">A atividade acontecer\u00e1 no dia 01\/09\/2023, \u00e0s 16h, no Audit\u00f3rio do Pr\u00e9dio 74C.<\/p>\n<\/div><figure class=\"wp-block-media-text__media\"><img fetchpriority=\"high\" decoding=\"async\" width=\"1024\" height=\"1024\" src=\"https:\/\/www.ufsm.br\/app\/uploads\/sites\/474\/2023\/08\/Consul--1024x1024.jpg\" alt=\"\" class=\"wp-image-2325 size-full\" srcset=\"https:\/\/www.ufsm.br\/app\/uploads\/sites\/474\/2023\/08\/Consul--1024x1024.jpg 1024w, https:\/\/www.ufsm.br\/app\/uploads\/sites\/474\/2023\/08\/Consul--300x300.jpg 300w, https:\/\/www.ufsm.br\/app\/uploads\/sites\/474\/2023\/08\/Consul--150x150.jpg 150w, https:\/\/www.ufsm.br\/app\/uploads\/sites\/474\/2023\/08\/Consul--768x768.jpg 768w, https:\/\/www.ufsm.br\/app\/uploads\/sites\/474\/2023\/08\/Consul-.jpg 1080w\" sizes=\"(max-width: 1024px) 100vw, 1024px\" \/><\/figure><\/div>\n","protected":false},"excerpt":{"rendered":"<p>Os Cursos de Rela\u00e7\u00f5es Internacionais e de Direito da UFSM e o Consulado Geral da It\u00e1lia em Porto Alegre convidam para a palestra: \u201cA miss\u00e3o de um C\u00f4nsul: Aspectos Legais e de Rela\u00e7\u00f5es Internacionais\u201dCom Valerio Caruso, C\u00f4nsul-Geral da It\u00e1lia em Porto Alegre A atividade acontecer\u00e1 no dia 01\/09\/2023, \u00e0s 16h, no Audit\u00f3rio do Pr\u00e9dio 74C.<\/p>\n","protected":false},"author":2252,"featured_media":0,"comment_status":"closed","ping_status":"closed","sticky":false,"template":"","format":"standard","meta":{"footnotes":""},"categories":[2],"tags":[412,24,21],"class_list":["post-2324","post","type-post","status-publish","format-standard","hentry","category-noticias","tag-consul","tag-palestra","tag-relacoes-internacionais"],"acf":[],"_links":{"self":[{"href":"https:\/\/www.ufsm.br\/cursos\/graduacao\/santa-maria\/relacoes-internacionais\/wp-json\/wp\/v2\/posts\/2324","targetHints":{"allow":["GET"]}}],"collection":[{"href":"https:\/\/www.ufsm.br\/cursos\/graduacao\/santa-maria\/relacoes-internacionais\/wp-json\/wp\/v2\/posts"}],"about":[{"href":"https:\/\/www.ufsm.br\/cursos\/graduacao\/santa-maria\/relacoes-internacionais\/wp-json\/wp\/v2\/types\/post"}],"author":[{"embeddable":true,"href":"https:\/\/www.ufsm.br\/cursos\/graduacao\/santa-maria\/relacoes-internacionais\/wp-json\/wp\/v2\/users\/2252"}],"replies":[{"embeddable":true,"href":"https:\/\/www.ufsm.br\/cursos\/graduacao\/santa-maria\/relacoes-internacionais\/wp-json\/wp\/v2\/comments?post=2324"}],"version-history":[{"count":0,"href":"https:\/\/www.ufsm.br\/cursos\/graduacao\/santa-maria\/relacoes-internacionais\/wp-json\/wp\/v2\/posts\/2324\/revisions"}],"wp:attachment":[{"href":"https:\/\/www.ufsm.br\/cursos\/graduacao\/santa-maria\/relacoes-internacionais\/wp-json\/wp\/v2\/media?parent=2324"}],"wp:term":[{"taxonomy":"category","embeddable":true,"href":"https:\/\/www.ufsm.br\/cursos\/graduacao\/santa-maria\/relacoes-internacionais\/wp-json\/wp\/v2\/categories?post=2324"},{"taxonomy":"post_tag","embeddable":true,"href":"https:\/\/www.ufsm.br\/cursos\/graduacao\/santa-maria\/relacoes-internacionais\/wp-json\/wp\/v2\/tags?post=2324"}],"curies":[{"name":"wp","href":"https:\/\/api.w.org\/{rel}","templated":true}]}}