{"id":2810,"date":"2024-09-23T13:41:38","date_gmt":"2024-09-23T16:41:38","guid":{"rendered":"https:\/\/www.ufsm.br\/cursos\/graduacao\/santa-maria\/relacoes-internacionais\/?p=2810"},"modified":"2024-09-23T13:41:40","modified_gmt":"2024-09-23T16:41:40","slug":"programa-novos-talentos-strategy-business-design-2024-deloitte-vagas-abertas","status":"publish","type":"post","link":"https:\/\/www.ufsm.br\/cursos\/graduacao\/santa-maria\/relacoes-internacionais\/2024\/09\/23\/programa-novos-talentos-strategy-business-design-2024-deloitte-vagas-abertas","title":{"rendered":"\u00a0Programa Novos Talentos Strategy &amp; Business Design 2024 &#8211; Deloitte &#8211; Vagas abertas"},"content":{"rendered":"\n<div class=\"wp-block-media-text has-media-on-the-right is-stacked-on-mobile is-vertically-aligned-top\"><div class=\"wp-block-media-text__content\">\n<p class=\"wp-block-paragraph\">Estamos com vagas abertas para o Programa Novos Talentos Strategy &amp; Business Design 2024! Buscamos por estudantes de qualquer curso de gradua\u00e7\u00e3o com forma\u00e7\u00e3o conclu\u00edda at\u00e9 dezembro de 2024, com ingl\u00eas a partir do intermedi\u00e1rio.\u00a0<\/p>\n<\/div><figure class=\"wp-block-media-text__media\"><img fetchpriority=\"high\" decoding=\"async\" width=\"1024\" height=\"1024\" src=\"https:\/\/www.ufsm.br\/app\/uploads\/sites\/474\/2024\/09\/PNT-Strategy-2024-1024x1024.jpg\" alt=\"\" class=\"wp-image-2811 size-full\" srcset=\"https:\/\/www.ufsm.br\/app\/uploads\/sites\/474\/2024\/09\/PNT-Strategy-2024-1024x1024.jpg 1024w, https:\/\/www.ufsm.br\/app\/uploads\/sites\/474\/2024\/09\/PNT-Strategy-2024-300x300.jpg 300w, https:\/\/www.ufsm.br\/app\/uploads\/sites\/474\/2024\/09\/PNT-Strategy-2024-150x150.jpg 150w, https:\/\/www.ufsm.br\/app\/uploads\/sites\/474\/2024\/09\/PNT-Strategy-2024-768x768.jpg 768w, https:\/\/www.ufsm.br\/app\/uploads\/sites\/474\/2024\/09\/PNT-Strategy-2024.jpg 1200w\" sizes=\"(max-width: 1024px) 100vw, 1024px\" \/><\/figure><\/div>\n\n\n\n<div data-wp-interactive=\"core\/file\" class=\"wp-block-file\"><object data-wp-bind--hidden=\"!state.hasPdfPreview\" hidden class=\"wp-block-file__embed\" data=\"https:\/\/www.ufsm.br\/app\/uploads\/sites\/474\/2024\/09\/Folder_Programa-Novos-Talentos-StrategyBusiness-Design.pdf\" type=\"application\/pdf\" style=\"width:100%;height:600px\" aria-label=\"Incorporado de Folder_Programa Novos Talentos Strategy&amp;Business Design.\"><\/object><a id=\"wp-block-file--media-67da1c66-2ca4-4fed-8bca-9d819dcd1b86\" href=\"https:\/\/www.ufsm.br\/app\/uploads\/sites\/474\/2024\/09\/Folder_Programa-Novos-Talentos-StrategyBusiness-Design.pdf\">Folder_Programa Novos Talentos Strategy&amp;Business Design<\/a><a href=\"https:\/\/www.ufsm.br\/app\/uploads\/sites\/474\/2024\/09\/Folder_Programa-Novos-Talentos-StrategyBusiness-Design.pdf\" class=\"wp-block-file__button wp-element-button\" download aria-describedby=\"wp-block-file--media-67da1c66-2ca4-4fed-8bca-9d819dcd1b86\">Baixar<\/a><\/div>\n","protected":false},"excerpt":{"rendered":"<p>Estamos com vagas abertas para o Programa Novos Talentos Strategy &amp; Business Design 2024! Buscamos por estudantes de qualquer curso de gradua\u00e7\u00e3o com forma\u00e7\u00e3o conclu\u00edda at\u00e9 dezembro de 2024, com ingl\u00eas a partir do intermedi\u00e1rio.\u00a0<\/p>\n","protected":false},"author":2252,"featured_media":0,"comment_status":"closed","ping_status":"closed","sticky":false,"template":"","format":"standard","meta":{"footnotes":""},"categories":[2],"tags":[503,209],"class_list":["post-2810","post","type-post","status-publish","format-standard","hentry","category-noticias","tag-carreira-global","tag-ingles"],"acf":[],"_links":{"self":[{"href":"https:\/\/www.ufsm.br\/cursos\/graduacao\/santa-maria\/relacoes-internacionais\/wp-json\/wp\/v2\/posts\/2810","targetHints":{"allow":["GET"]}}],"collection":[{"href":"https:\/\/www.ufsm.br\/cursos\/graduacao\/santa-maria\/relacoes-internacionais\/wp-json\/wp\/v2\/posts"}],"about":[{"href":"https:\/\/www.ufsm.br\/cursos\/graduacao\/santa-maria\/relacoes-internacionais\/wp-json\/wp\/v2\/types\/post"}],"author":[{"embeddable":true,"href":"https:\/\/www.ufsm.br\/cursos\/graduacao\/santa-maria\/relacoes-internacionais\/wp-json\/wp\/v2\/users\/2252"}],"replies":[{"embeddable":true,"href":"https:\/\/www.ufsm.br\/cursos\/graduacao\/santa-maria\/relacoes-internacionais\/wp-json\/wp\/v2\/comments?post=2810"}],"version-history":[{"count":0,"href":"https:\/\/www.ufsm.br\/cursos\/graduacao\/santa-maria\/relacoes-internacionais\/wp-json\/wp\/v2\/posts\/2810\/revisions"}],"wp:attachment":[{"href":"https:\/\/www.ufsm.br\/cursos\/graduacao\/santa-maria\/relacoes-internacionais\/wp-json\/wp\/v2\/media?parent=2810"}],"wp:term":[{"taxonomy":"category","embeddable":true,"href":"https:\/\/www.ufsm.br\/cursos\/graduacao\/santa-maria\/relacoes-internacionais\/wp-json\/wp\/v2\/categories?post=2810"},{"taxonomy":"post_tag","embeddable":true,"href":"https:\/\/www.ufsm.br\/cursos\/graduacao\/santa-maria\/relacoes-internacionais\/wp-json\/wp\/v2\/tags?post=2810"}],"curies":[{"name":"wp","href":"https:\/\/api.w.org\/{rel}","templated":true}]}}