{"id":3783,"date":"2026-09-03T13:35:57","date_gmt":"2026-09-03T16:35:57","guid":{"rendered":"https:\/\/www.ufsm.br\/cursos\/graduacao\/santa-maria\/relacoes-internacionais\/?p=3783"},"modified":"2026-09-03T13:35:59","modified_gmt":"2026-09-03T16:35:59","slug":"formulario-para-mapeamento-do-publico-materno-do-ccsh","status":"publish","type":"post","link":"https:\/\/www.ufsm.br\/cursos\/graduacao\/santa-maria\/relacoes-internacionais\/2026\/09\/03\/formulario-para-mapeamento-do-publico-materno-do-ccsh","title":{"rendered":"Formul\u00e1rio para mapeamento do p\u00fablico materno do CCSH"},"content":{"rendered":"\n<p class=\"wp-block-paragraph\">O formul\u00e1rio foi elaborado pela estudante Vanessa Rodrigues Baldini de Oliveira, do Curso de Rela\u00e7\u00f5es P\u00fablicas do CCSH, visando coletar informa\u00e7\u00f5es sobre as estudantes m\u00e3es do CCSH e entender suas perspectivas dentro do CCSH.<\/p>\n\n\n\n<p class=\"wp-block-paragraph\">Vanessa est\u00e1 cursando a disciplina de Assessoria II e realizando as pr\u00e1ticas na Subdivis\u00e3o de Comunica\u00e7\u00e3o do CCSH.<\/p>\n\n\n\n<p class=\"wp-block-paragraph\">Voc\u00ea \u00e9 m\u00e3e e estuda no CCSH? Participe<\/p>\n\n\n\n<p class=\"wp-block-paragraph\"><a href=\"https:\/\/docs.google.com\/forms\/d\/e\/1FAIpQLSeMXSjOAQyPDMMnNek7j8A9mn4woR9C22l72uKeRc5DNOFA1g\/viewform?usp=dialog\">https:\/\/docs.google.com\/forms\/d\/e\/1FAIpQLSeMXSjOAQyPDMMnNek7j8A9mn4woR9C22l72uKeRc5DNOFA1g\/viewform?usp=dialog<\/a><\/p>\n\n\n\n<p class=\"wp-block-paragraph\"><\/p>\n","protected":false},"excerpt":{"rendered":"<p>Voc\u00ea \u00e9 m\u00e3e e estuda no CCSH? Participe<\/p>\n","protected":false},"author":2252,"featured_media":0,"comment_status":"closed","ping_status":"closed","sticky":false,"template":"","format":"standard","meta":{"footnotes":""},"categories":[2],"tags":[549,548,550],"class_list":["post-3783","post","type-post","status-publish","format-standard","hentry","category-noticias","tag-formulario","tag-mae","tag-publico-materno"],"acf":[],"_links":{"self":[{"href":"https:\/\/www.ufsm.br\/cursos\/graduacao\/santa-maria\/relacoes-internacionais\/wp-json\/wp\/v2\/posts\/3783","targetHints":{"allow":["GET"]}}],"collection":[{"href":"https:\/\/www.ufsm.br\/cursos\/graduacao\/santa-maria\/relacoes-internacionais\/wp-json\/wp\/v2\/posts"}],"about":[{"href":"https:\/\/www.ufsm.br\/cursos\/graduacao\/santa-maria\/relacoes-internacionais\/wp-json\/wp\/v2\/types\/post"}],"author":[{"embeddable":true,"href":"https:\/\/www.ufsm.br\/cursos\/graduacao\/santa-maria\/relacoes-internacionais\/wp-json\/wp\/v2\/users\/2252"}],"replies":[{"embeddable":true,"href":"https:\/\/www.ufsm.br\/cursos\/graduacao\/santa-maria\/relacoes-internacionais\/wp-json\/wp\/v2\/comments?post=3783"}],"version-history":[{"count":0,"href":"https:\/\/www.ufsm.br\/cursos\/graduacao\/santa-maria\/relacoes-internacionais\/wp-json\/wp\/v2\/posts\/3783\/revisions"}],"wp:attachment":[{"href":"https:\/\/www.ufsm.br\/cursos\/graduacao\/santa-maria\/relacoes-internacionais\/wp-json\/wp\/v2\/media?parent=3783"}],"wp:term":[{"taxonomy":"category","embeddable":true,"href":"https:\/\/www.ufsm.br\/cursos\/graduacao\/santa-maria\/relacoes-internacionais\/wp-json\/wp\/v2\/categories?post=3783"},{"taxonomy":"post_tag","embeddable":true,"href":"https:\/\/www.ufsm.br\/cursos\/graduacao\/santa-maria\/relacoes-internacionais\/wp-json\/wp\/v2\/tags?post=3783"}],"curies":[{"name":"wp","href":"https:\/\/api.w.org\/{rel}","templated":true}]}}