{"id":436,"date":"2026-08-26T18:54:53","date_gmt":"2026-08-26T21:54:53","guid":{"rendered":"https:\/\/www.ufsm.br\/cursos\/graduacao\/santa-maria\/tecnologia-em-redes-de-computadores\/?p=436"},"modified":"2026-08-26T18:56:15","modified_gmt":"2026-08-26T21:56:15","slug":"daredes-abre-processo-eleitoral-para-escolha-da-nova-diretoria","status":"publish","type":"post","link":"https:\/\/www.ufsm.br\/cursos\/graduacao\/santa-maria\/tecnologia-em-redes-de-computadores\/2026\/08\/26\/daredes-abre-processo-eleitoral-para-escolha-da-nova-diretoria","title":{"rendered":"DAREDES abre processo eleitoral para escolha da nova diretoria"},"content":{"rendered":"\n<p class=\"isSelectedEnd\">O <strong>Diret\u00f3rio Acad\u00eamico de Redes de Computadores (DAREDES)<\/strong> publicou o <strong>Edital n\u00ba 02\/2026<\/strong>, que estabelece as regras e o cronograma para a elei\u00e7\u00e3o da nova <strong>Diretoria Executiva<\/strong> e da <strong>Secretaria do Conselho de Entidades de Base<\/strong>.<\/p>\n<p class=\"isSelectedEnd\">As inscri\u00e7\u00f5es das chapas estar\u00e3o abertas de <strong>28 de agosto a 4 de setembro de 2026<\/strong> e dever\u00e3o ser realizadas pelo e-mail <a href=\"mailto:da@redes.ufsm.br\"><strong>da@redes.ufsm.br<\/strong><\/a>. Para a inscri\u00e7\u00e3o, as chapas dever\u00e3o apresentar a nominata e o comprovante de matr\u00edcula de cada integrante.<\/p>\n<p class=\"isSelectedEnd\">Cada chapa dever\u00e1 contar, no m\u00ednimo, com representantes para <strong>Coordena\u00e7\u00e3o Geral, Secretaria Geral, Secretaria de Finan\u00e7as e Secretaria do Conselho de Base<\/strong>.<\/p>\n<p class=\"isSelectedEnd\">O per\u00edodo de campanha ocorrer\u00e1 de <strong>8 a 18 de setembro<\/strong>, e a elei\u00e7\u00e3o ser\u00e1 realizada no dia <strong>21 de setembro de 2026<\/strong>, em dois hor\u00e1rios: <strong>das 12h30 \u00e0s 13h30 e das 16h \u00e0s 17h<\/strong>, no <strong>pr\u00e9dio de Redes (Anexo D)<\/strong>.<\/p>\n<p class=\"isSelectedEnd\">A participa\u00e7\u00e3o dos estudantes no processo eleitoral \u00e9 importante para fortalecer a representa\u00e7\u00e3o estudantil e contribuir com as atividades acad\u00eamicas e de integra\u00e7\u00e3o desenvolvidas pelo DAREDES.<\/p>\n<p><strong>Confira o edital completo e todas as informa\u00e7\u00f5es sobre o processo eleitoral:<\/strong><br \/><a href=\"https:\/\/www.ufsm.br\/cursos\/graduacao\/santa-maria\/tecnologia-em-redes-de-computadores\/editais\/002-2026\">Edital n\u00ba 02\/2026 \u2013 DAREDES<\/a><\/p>\n","protected":false},"excerpt":{"rendered":"<p>O Diret\u00f3rio Acad\u00eamico de Redes de Computadores (DAREDES) publicou o Edital n\u00ba 02\/2026, que estabelece as regras e o cronograma para a elei\u00e7\u00e3o da nova Diretoria Executiva e da Secretaria do Conselho de Entidades de Base. As inscri\u00e7\u00f5es das chapas estar\u00e3o abertas de 28 de agosto a 4 de setembro de 2026 e dever\u00e3o ser [&hellip;]<\/p>\n","protected":false},"author":4537,"featured_media":0,"comment_status":"closed","ping_status":"closed","sticky":false,"template":"","format":"standard","meta":{"footnotes":""},"categories":[9,2],"tags":[],"class_list":["post-436","post","type-post","status-publish","format-standard","hentry","category-destaques","category-noticias"],"acf":[],"_links":{"self":[{"href":"https:\/\/www.ufsm.br\/cursos\/graduacao\/santa-maria\/tecnologia-em-redes-de-computadores\/wp-json\/wp\/v2\/posts\/436","targetHints":{"allow":["GET"]}}],"collection":[{"href":"https:\/\/www.ufsm.br\/cursos\/graduacao\/santa-maria\/tecnologia-em-redes-de-computadores\/wp-json\/wp\/v2\/posts"}],"about":[{"href":"https:\/\/www.ufsm.br\/cursos\/graduacao\/santa-maria\/tecnologia-em-redes-de-computadores\/wp-json\/wp\/v2\/types\/post"}],"author":[{"embeddable":true,"href":"https:\/\/www.ufsm.br\/cursos\/graduacao\/santa-maria\/tecnologia-em-redes-de-computadores\/wp-json\/wp\/v2\/users\/4537"}],"replies":[{"embeddable":true,"href":"https:\/\/www.ufsm.br\/cursos\/graduacao\/santa-maria\/tecnologia-em-redes-de-computadores\/wp-json\/wp\/v2\/comments?post=436"}],"version-history":[{"count":0,"href":"https:\/\/www.ufsm.br\/cursos\/graduacao\/santa-maria\/tecnologia-em-redes-de-computadores\/wp-json\/wp\/v2\/posts\/436\/revisions"}],"wp:attachment":[{"href":"https:\/\/www.ufsm.br\/cursos\/graduacao\/santa-maria\/tecnologia-em-redes-de-computadores\/wp-json\/wp\/v2\/media?parent=436"}],"wp:term":[{"taxonomy":"category","embeddable":true,"href":"https:\/\/www.ufsm.br\/cursos\/graduacao\/santa-maria\/tecnologia-em-redes-de-computadores\/wp-json\/wp\/v2\/categories?post=436"},{"taxonomy":"post_tag","embeddable":true,"href":"https:\/\/www.ufsm.br\/cursos\/graduacao\/santa-maria\/tecnologia-em-redes-de-computadores\/wp-json\/wp\/v2\/tags?post=436"}],"curies":[{"name":"wp","href":"https:\/\/api.w.org\/{rel}","templated":true}]}}