{"id":981,"date":"2026-08-25T13:15:56","date_gmt":"2026-08-25T16:15:56","guid":{"rendered":"https:\/\/www.ufsm.br\/cursos\/pos-graduacao\/frederico-westphalen\/ppgctamb\/?p=981"},"modified":"2026-08-25T13:16:34","modified_gmt":"2026-08-25T16:16:34","slug":"convite-para-exame-de-qualificacao-de-mestrado-de-guilherme-faustino-boelter-monitoramento-ambiental-utilizando-bioindicadores-da-familia-parmeliaceae-e-sensores-de-baixo-custo-para-fins-d","status":"publish","type":"post","link":"https:\/\/www.ufsm.br\/cursos\/pos-graduacao\/frederico-westphalen\/ppgctamb\/2026\/08\/25\/convite-para-exame-de-qualificacao-de-mestrado-de-guilherme-faustino-boelter-monitoramento-ambiental-utilizando-bioindicadores-da-familia-parmeliaceae-e-sensores-de-baixo-custo-para-fins-d","title":{"rendered":"Convite para Exame de\u00a0Qualifica\u00e7\u00e3o\u00a0de Mestrado de Guilherme Faustino Boelter &#8211; Monitoramento Ambiental Utilizando Bioindicadores da Fam\u00edlia Parmeliaceae e Sensores de Baixo Custo para Fins de Avalia\u00e7\u00e3o de Contaminantes Ambientais"},"content":{"rendered":"\n<p class=\"wp-block-paragraph\">O Programa de P\u00f3s-Gradua\u00e7\u00e3o em Ci\u00eancia e Tecnologia Ambiental da Universidade Federal de Santa Maria campus Frederico Westphalen convida a comunidade acad\u00eamica para o Exame de Qualifica\u00e7\u00e3o de Mestrado do aluno Guilherme Faustino Boelter, com o trabalho\u00a0intitulado \u201cMonitoramento Ambiental Utilizando Bioindicadores da Fam\u00edlia Parmeliaceae e Sensores de Baixo Custo para Fins de Avalia\u00e7\u00e3o de Contaminantes Ambientais\u201d,\u00a0que acontecer\u00e1 no dia 04 de setembro de 2026 (sexta-feira), \u00e0s 09h, na sala 317B, Bloco IV da UFSM\/FW e pela plataforma Google Meet (o link pode ser solicitado pelo e-mail ppgcta.fw@ufsm.br).<\/p>\n\n\n\n<p class=\"wp-block-paragraph\">A banca examinadora ser\u00e1 composta por:\u00a0Prof. Dr. Pedro Daniel da Cunha Kemerich \u2013 orientador, Prof. Dr. Gustavo Marques da Costa, Prof. Dr. Sergio Roberto Mortari e Prof. Dr. Emanuel Araujo Silva (suplente).<\/p>\n","protected":false},"excerpt":{"rendered":"<p>O Programa de P\u00f3s-Gradua\u00e7\u00e3o em Ci\u00eancia e Tecnologia Ambiental da Universidade Federal de Santa Maria campus Frederico Westphalen convida a comunidade acad\u00eamica para o Exame de Qualifica\u00e7\u00e3o de Mestrado do aluno Guilherme Faustino Boelter, com o trabalho\u00a0intitulado \u201cMonitoramento Ambiental Utilizando Bioindicadores da Fam\u00edlia Parmeliaceae e Sensores de Baixo Custo para Fins de Avalia\u00e7\u00e3o de Contaminantes [&hellip;]<\/p>\n","protected":false},"author":299,"featured_media":0,"comment_status":"closed","ping_status":"closed","sticky":false,"template":"","format":"standard","meta":{"footnotes":""},"categories":[1],"tags":[],"class_list":["post-981","post","type-post","status-publish","format-standard","hentry","category-sem-categoria"],"acf":[],"_links":{"self":[{"href":"https:\/\/www.ufsm.br\/cursos\/pos-graduacao\/frederico-westphalen\/ppgctamb\/wp-json\/wp\/v2\/posts\/981","targetHints":{"allow":["GET"]}}],"collection":[{"href":"https:\/\/www.ufsm.br\/cursos\/pos-graduacao\/frederico-westphalen\/ppgctamb\/wp-json\/wp\/v2\/posts"}],"about":[{"href":"https:\/\/www.ufsm.br\/cursos\/pos-graduacao\/frederico-westphalen\/ppgctamb\/wp-json\/wp\/v2\/types\/post"}],"author":[{"embeddable":true,"href":"https:\/\/www.ufsm.br\/cursos\/pos-graduacao\/frederico-westphalen\/ppgctamb\/wp-json\/wp\/v2\/users\/299"}],"replies":[{"embeddable":true,"href":"https:\/\/www.ufsm.br\/cursos\/pos-graduacao\/frederico-westphalen\/ppgctamb\/wp-json\/wp\/v2\/comments?post=981"}],"version-history":[{"count":0,"href":"https:\/\/www.ufsm.br\/cursos\/pos-graduacao\/frederico-westphalen\/ppgctamb\/wp-json\/wp\/v2\/posts\/981\/revisions"}],"wp:attachment":[{"href":"https:\/\/www.ufsm.br\/cursos\/pos-graduacao\/frederico-westphalen\/ppgctamb\/wp-json\/wp\/v2\/media?parent=981"}],"wp:term":[{"taxonomy":"category","embeddable":true,"href":"https:\/\/www.ufsm.br\/cursos\/pos-graduacao\/frederico-westphalen\/ppgctamb\/wp-json\/wp\/v2\/categories?post=981"},{"taxonomy":"post_tag","embeddable":true,"href":"https:\/\/www.ufsm.br\/cursos\/pos-graduacao\/frederico-westphalen\/ppgctamb\/wp-json\/wp\/v2\/tags?post=981"}],"curies":[{"name":"wp","href":"https:\/\/api.w.org\/{rel}","templated":true}]}}