{"id":984,"date":"2026-08-31T12:20:22","date_gmt":"2026-08-31T15:20:22","guid":{"rendered":"https:\/\/www.ufsm.br\/cursos\/pos-graduacao\/frederico-westphalen\/ppgctamb\/?p=984"},"modified":"2026-08-31T12:20:23","modified_gmt":"2026-08-31T15:20:23","slug":"convite-para-defesa-de-dissertacao-de-natalia-kasper-economia-circular-na-suinocultura-potencial-agronomico-de-fertilizantes-organicos-produzidos-a-partir-de-dejetos-suinos","status":"publish","type":"post","link":"https:\/\/www.ufsm.br\/cursos\/pos-graduacao\/frederico-westphalen\/ppgctamb\/2026\/08\/31\/convite-para-defesa-de-dissertacao-de-natalia-kasper-economia-circular-na-suinocultura-potencial-agronomico-de-fertilizantes-organicos-produzidos-a-partir-de-dejetos-suinos","title":{"rendered":"Convite para defesa de disserta\u00e7\u00e3o de NATALIA KASPER &#8211; ECONOMIA CIRCULAR NA SUINOCULTURA: POTENCIAL AGRON\u00d4MICO DE FERTILIZANTES ORG\u00c2NICOS PRODUZIDOS A PARTIR DE DEJETOS SU\u00cdNOS"},"content":{"rendered":"\n<p class=\"wp-block-paragraph\">O Programa de P\u00f3s-Gradua\u00e7\u00e3o em Ci\u00eancia e Tecnologia Ambiental da Universidade Federal de Santa Maria, campus Frederico Westphalen, convida a comunidade acad\u00eamica para a defesa de disserta\u00e7\u00e3o da aluna NATALIA KASPER, com o trabalho\u00a0intitulado \u201cECONOMIA CIRCULAR NA SUINOCULTURA: POTENCIAL AGRON\u00d4MICO DE FERTILIZANTES ORG\u00c2NICOS PRODUZIDOS A PARTIR DE DEJETOS SU\u00cdNOS\u201d,\u00a0que acontecer\u00e1 na ter\u00e7a-feira, 08 de setembro de 2026, \u00e0s 10h, pela plataforma Google Meet (o link pode ser solicitado pelo e-mail ppgcta.fw@usfm.br).<\/p>\n\n\n\n<p class=\"wp-block-paragraph\">A banca examinadora ser\u00e1 composta por: Prof. Dr. MARCUS BRUNO DOMINGUES SOARES &#8211; Presidente; Prof. Dr. CLAUDIR JOSE BASSO &#8211; Coorientador; Prof. Dr. GUSTAVO BRUNETTO; Prof. PhD. MARIA ELISA MAGRI; e Dr. ROBSON EVALDO GEHLEN BOHRER (Suplente).<\/p>\n","protected":false},"excerpt":{"rendered":"<p>O Programa de P\u00f3s-Gradua\u00e7\u00e3o em Ci\u00eancia e Tecnologia Ambiental da Universidade Federal de Santa Maria, campus Frederico Westphalen, convida a comunidade acad\u00eamica para a defesa de disserta\u00e7\u00e3o da aluna NATALIA KASPER, com o trabalho\u00a0intitulado \u201cECONOMIA CIRCULAR NA SUINOCULTURA: POTENCIAL AGRON\u00d4MICO DE FERTILIZANTES ORG\u00c2NICOS PRODUZIDOS A PARTIR DE DEJETOS SU\u00cdNOS\u201d,\u00a0que acontecer\u00e1 na ter\u00e7a-feira, 08 de setembro [&hellip;]<\/p>\n","protected":false},"author":7945,"featured_media":0,"comment_status":"closed","ping_status":"closed","sticky":false,"template":"","format":"standard","meta":{"footnotes":""},"categories":[1],"tags":[],"class_list":["post-984","post","type-post","status-publish","format-standard","hentry","category-sem-categoria"],"acf":[],"_links":{"self":[{"href":"https:\/\/www.ufsm.br\/cursos\/pos-graduacao\/frederico-westphalen\/ppgctamb\/wp-json\/wp\/v2\/posts\/984","targetHints":{"allow":["GET"]}}],"collection":[{"href":"https:\/\/www.ufsm.br\/cursos\/pos-graduacao\/frederico-westphalen\/ppgctamb\/wp-json\/wp\/v2\/posts"}],"about":[{"href":"https:\/\/www.ufsm.br\/cursos\/pos-graduacao\/frederico-westphalen\/ppgctamb\/wp-json\/wp\/v2\/types\/post"}],"author":[{"embeddable":true,"href":"https:\/\/www.ufsm.br\/cursos\/pos-graduacao\/frederico-westphalen\/ppgctamb\/wp-json\/wp\/v2\/users\/7945"}],"replies":[{"embeddable":true,"href":"https:\/\/www.ufsm.br\/cursos\/pos-graduacao\/frederico-westphalen\/ppgctamb\/wp-json\/wp\/v2\/comments?post=984"}],"version-history":[{"count":0,"href":"https:\/\/www.ufsm.br\/cursos\/pos-graduacao\/frederico-westphalen\/ppgctamb\/wp-json\/wp\/v2\/posts\/984\/revisions"}],"wp:attachment":[{"href":"https:\/\/www.ufsm.br\/cursos\/pos-graduacao\/frederico-westphalen\/ppgctamb\/wp-json\/wp\/v2\/media?parent=984"}],"wp:term":[{"taxonomy":"category","embeddable":true,"href":"https:\/\/www.ufsm.br\/cursos\/pos-graduacao\/frederico-westphalen\/ppgctamb\/wp-json\/wp\/v2\/categories?post=984"},{"taxonomy":"post_tag","embeddable":true,"href":"https:\/\/www.ufsm.br\/cursos\/pos-graduacao\/frederico-westphalen\/ppgctamb\/wp-json\/wp\/v2\/tags?post=984"}],"curies":[{"name":"wp","href":"https:\/\/api.w.org\/{rel}","templated":true}]}}