{"id":986,"date":"2026-09-01T16:09:56","date_gmt":"2026-09-01T19:09:56","guid":{"rendered":"https:\/\/www.ufsm.br\/cursos\/pos-graduacao\/frederico-westphalen\/ppgctamb\/?p=986"},"modified":"2026-09-01T16:09:58","modified_gmt":"2026-09-01T19:09:58","slug":"convite-para-defesa-de-dissertacao-de-tatiane-carla-presotto-asturian-potencial-alelopatico-fitotoxico-e-genotoxico-de-extratos-vegetais-de-especies-nativas-e-exoticas-sobre-especies-bioindicadoras","status":"publish","type":"post","link":"https:\/\/www.ufsm.br\/cursos\/pos-graduacao\/frederico-westphalen\/ppgctamb\/2026\/09\/01\/convite-para-defesa-de-dissertacao-de-tatiane-carla-presotto-asturian-potencial-alelopatico-fitotoxico-e-genotoxico-de-extratos-vegetais-de-especies-nativas-e-exoticas-sobre-especies-bioindicadoras","title":{"rendered":"Convite para defesa de disserta\u00e7\u00e3o de TATIANE CARLA PRESOTTO ASTURIAN &#8211; POTENCIAL ALELOP\u00c1TICO, FITOT\u00d3XICO E GENOT\u00d3XICO DE EXTRATOS VEGETAIS DE ESP\u00c9CIES NATIVAS E EX\u00d3TICAS SOBRE ESP\u00c9CIES BIOINDICADORAS"},"content":{"rendered":"\n<p class=\"wp-block-paragraph\">O Programa de P\u00f3s-Gradua\u00e7\u00e3o em Ci\u00eancia e Tecnologia Ambiental da Universidade Federal de Santa Maria, campus Frederico Westphalen, convida a comunidade acad\u00eamica para a defesa de disserta\u00e7\u00e3o da aluna NATALIA KASPER, com o trabalho\u00a0intitulado \u201cPOTENCIAL ALELOP\u00c1TICO, FITOT\u00d3XICO E GENOT\u00d3XICO DE EXTRATOS VEGETAIS DE ESP\u00c9CIES NATIVAS E EX\u00d3TICAS SOBRE ESP\u00c9CIES BIOINDICADORAS\u201d,\u00a0que acontecer\u00e1 na sexta-feira, 11 de setembro de 2026, \u00e0s 13h30.<\/p>\n\n\n\n<p class=\"wp-block-paragraph\">A banca examinadora ser\u00e1 composta por: Prof. Dr. HILDA HILDEBRAND SORIANI &#8211; Presidente; Prof. Dr. CRISTIANO NUNES DOS SANTOS; Prof. Dr. NILTON CESAR MANTOVANI; e Prof. Dr. GENESIO MARIO DA ROSA (Suplente).<\/p>\n","protected":false},"excerpt":{"rendered":"<p>O Programa de P\u00f3s-Gradua\u00e7\u00e3o em Ci\u00eancia e Tecnologia Ambiental da Universidade Federal de Santa Maria, campus Frederico Westphalen, convida a comunidade acad\u00eamica para a defesa de disserta\u00e7\u00e3o da aluna NATALIA KASPER, com o trabalho\u00a0intitulado \u201cPOTENCIAL ALELOP\u00c1TICO, FITOT\u00d3XICO E GENOT\u00d3XICO DE EXTRATOS VEGETAIS DE ESP\u00c9CIES NATIVAS E EX\u00d3TICAS SOBRE ESP\u00c9CIES BIOINDICADORAS\u201d,\u00a0que acontecer\u00e1 na sexta-feira, 11 de [&hellip;]<\/p>\n","protected":false},"author":7945,"featured_media":0,"comment_status":"closed","ping_status":"closed","sticky":false,"template":"","format":"standard","meta":{"footnotes":""},"categories":[1],"tags":[],"class_list":["post-986","post","type-post","status-publish","format-standard","hentry","category-sem-categoria"],"acf":[],"_links":{"self":[{"href":"https:\/\/www.ufsm.br\/cursos\/pos-graduacao\/frederico-westphalen\/ppgctamb\/wp-json\/wp\/v2\/posts\/986","targetHints":{"allow":["GET"]}}],"collection":[{"href":"https:\/\/www.ufsm.br\/cursos\/pos-graduacao\/frederico-westphalen\/ppgctamb\/wp-json\/wp\/v2\/posts"}],"about":[{"href":"https:\/\/www.ufsm.br\/cursos\/pos-graduacao\/frederico-westphalen\/ppgctamb\/wp-json\/wp\/v2\/types\/post"}],"author":[{"embeddable":true,"href":"https:\/\/www.ufsm.br\/cursos\/pos-graduacao\/frederico-westphalen\/ppgctamb\/wp-json\/wp\/v2\/users\/7945"}],"replies":[{"embeddable":true,"href":"https:\/\/www.ufsm.br\/cursos\/pos-graduacao\/frederico-westphalen\/ppgctamb\/wp-json\/wp\/v2\/comments?post=986"}],"version-history":[{"count":0,"href":"https:\/\/www.ufsm.br\/cursos\/pos-graduacao\/frederico-westphalen\/ppgctamb\/wp-json\/wp\/v2\/posts\/986\/revisions"}],"wp:attachment":[{"href":"https:\/\/www.ufsm.br\/cursos\/pos-graduacao\/frederico-westphalen\/ppgctamb\/wp-json\/wp\/v2\/media?parent=986"}],"wp:term":[{"taxonomy":"category","embeddable":true,"href":"https:\/\/www.ufsm.br\/cursos\/pos-graduacao\/frederico-westphalen\/ppgctamb\/wp-json\/wp\/v2\/categories?post=986"},{"taxonomy":"post_tag","embeddable":true,"href":"https:\/\/www.ufsm.br\/cursos\/pos-graduacao\/frederico-westphalen\/ppgctamb\/wp-json\/wp\/v2\/tags?post=986"}],"curies":[{"name":"wp","href":"https:\/\/api.w.org\/{rel}","templated":true}]}}