{"id":988,"date":"2026-09-02T05:11:59","date_gmt":"2026-09-02T08:11:59","guid":{"rendered":"https:\/\/www.ufsm.br\/cursos\/pos-graduacao\/frederico-westphalen\/ppgctamb\/?p=988"},"modified":"2026-09-02T05:12:01","modified_gmt":"2026-09-02T08:12:01","slug":"convite-para-exame-de-qualificacao-de-mestrado-de-giovana-pavan-fragilidades-ambientais-decorrentes-do-aumento-nos-padroes-pluviometricos-caminhos-para-mitigacao-e-adaptacao","status":"publish","type":"post","link":"https:\/\/www.ufsm.br\/cursos\/pos-graduacao\/frederico-westphalen\/ppgctamb\/2026\/09\/02\/convite-para-exame-de-qualificacao-de-mestrado-de-giovana-pavan-fragilidades-ambientais-decorrentes-do-aumento-nos-padroes-pluviometricos-caminhos-para-mitigacao-e-adaptacao","title":{"rendered":"Convite para exame de\u00a0qualifica\u00e7\u00e3o\u00a0de mestrado de Giovana Pavan &#8211; Fragilidades ambientais decorrentes do aumento nos padr\u00f5es pluviom\u00e9tricos: caminhos para mitiga\u00e7\u00e3o e adapta\u00e7\u00e3o"},"content":{"rendered":"\n<p class=\"wp-block-paragraph\">O Programa de P\u00f3s-Gradua\u00e7\u00e3o em Ci\u00eancia e Tecnologia Ambiental da Universidade Federal de Santa Maria, campus Frederico Westphalen, convida a comunidade acad\u00eamica para o Exame de Qualifica\u00e7\u00e3o de Mestrado da aluna Giovana Pavan, com o trabalho\u00a0intitulado \u201cFragilidades ambientais decorrentes do aumento nos padr\u00f5es pluviom\u00e9tricos: caminhos para mitiga\u00e7\u00e3o e adapta\u00e7\u00e3o\u201d,\u00a0que acontecer\u00e1 no dia 10 de setembro de 2026 (quinta-feira), \u00e0s 14h, pela plataforma Google Meet (o link pode ser solicitado pelo e-mail ppgcta.fw@ufsm.br).<\/p>\n\n\n\n<p class=\"wp-block-paragraph\">A banca examinadora ser\u00e1 composta por:\u00a0Prof. Dr. Genesio Mario Da Rosa \u2013 orientador, Prof. Dr. Emanuel Ara\u00fajo Silva, Profa. Dra. Wer\u00f4nica Meira de Souza, e Prof. Dr. Renato Beppler Spohr (suplente).<\/p>\n","protected":false},"excerpt":{"rendered":"<p>O Programa de P\u00f3s-Gradua\u00e7\u00e3o em Ci\u00eancia e Tecnologia Ambiental da Universidade Federal de Santa Maria, campus Frederico Westphalen, convida a comunidade acad\u00eamica para o Exame de Qualifica\u00e7\u00e3o de Mestrado da aluna Giovana Pavan, com o trabalho\u00a0intitulado \u201cFragilidades ambientais decorrentes do aumento nos padr\u00f5es pluviom\u00e9tricos: caminhos para mitiga\u00e7\u00e3o e adapta\u00e7\u00e3o\u201d,\u00a0que acontecer\u00e1 no dia 10 de setembro [&hellip;]<\/p>\n","protected":false},"author":7945,"featured_media":0,"comment_status":"closed","ping_status":"closed","sticky":false,"template":"","format":"standard","meta":{"footnotes":""},"categories":[1],"tags":[],"class_list":["post-988","post","type-post","status-publish","format-standard","hentry","category-sem-categoria"],"acf":[],"_links":{"self":[{"href":"https:\/\/www.ufsm.br\/cursos\/pos-graduacao\/frederico-westphalen\/ppgctamb\/wp-json\/wp\/v2\/posts\/988","targetHints":{"allow":["GET"]}}],"collection":[{"href":"https:\/\/www.ufsm.br\/cursos\/pos-graduacao\/frederico-westphalen\/ppgctamb\/wp-json\/wp\/v2\/posts"}],"about":[{"href":"https:\/\/www.ufsm.br\/cursos\/pos-graduacao\/frederico-westphalen\/ppgctamb\/wp-json\/wp\/v2\/types\/post"}],"author":[{"embeddable":true,"href":"https:\/\/www.ufsm.br\/cursos\/pos-graduacao\/frederico-westphalen\/ppgctamb\/wp-json\/wp\/v2\/users\/7945"}],"replies":[{"embeddable":true,"href":"https:\/\/www.ufsm.br\/cursos\/pos-graduacao\/frederico-westphalen\/ppgctamb\/wp-json\/wp\/v2\/comments?post=988"}],"version-history":[{"count":0,"href":"https:\/\/www.ufsm.br\/cursos\/pos-graduacao\/frederico-westphalen\/ppgctamb\/wp-json\/wp\/v2\/posts\/988\/revisions"}],"wp:attachment":[{"href":"https:\/\/www.ufsm.br\/cursos\/pos-graduacao\/frederico-westphalen\/ppgctamb\/wp-json\/wp\/v2\/media?parent=988"}],"wp:term":[{"taxonomy":"category","embeddable":true,"href":"https:\/\/www.ufsm.br\/cursos\/pos-graduacao\/frederico-westphalen\/ppgctamb\/wp-json\/wp\/v2\/categories?post=988"},{"taxonomy":"post_tag","embeddable":true,"href":"https:\/\/www.ufsm.br\/cursos\/pos-graduacao\/frederico-westphalen\/ppgctamb\/wp-json\/wp\/v2\/tags?post=988"}],"curies":[{"name":"wp","href":"https:\/\/api.w.org\/{rel}","templated":true}]}}