{"id":3771,"date":"2026-08-31T09:28:47","date_gmt":"2026-08-31T12:28:47","guid":{"rendered":"https:\/\/www.ufsm.br\/cursos\/pos-graduacao\/palmeira-das-missoes\/ppgagr\/?p=3771"},"modified":"2026-08-31T09:40:47","modified_gmt":"2026-08-31T12:40:47","slug":"ppgagr-oferta-oportunidades-de-internacionalizacao-em-edital-capes-global-edu","status":"publish","type":"post","link":"https:\/\/www.ufsm.br\/cursos\/pos-graduacao\/palmeira-das-missoes\/ppgagr\/2026\/08\/31\/ppgagr-oferta-oportunidades-de-internacionalizacao-em-edital-capes-global-edu","title":{"rendered":"PPGAGR oferta oportunidades de internacionaliza\u00e7\u00e3o em edital CAPES-Global.edu"},"content":{"rendered":"\t\t<div data-elementor-type=\"wp-post\" data-elementor-id=\"3771\" class=\"elementor elementor-3771\">\n\t\t\t\t\t\t<section class=\"elementor-section elementor-top-section elementor-element elementor-element-3192191f elementor-section-boxed elementor-section-height-default elementor-section-height-default\" data-id=\"3192191f\" data-element_type=\"section\">\n\t\t\t\t\t\t<div class=\"elementor-container elementor-column-gap-default\">\n\t\t\t\t\t<div class=\"elementor-column elementor-col-100 elementor-top-column elementor-element elementor-element-4d384c2e\" data-id=\"4d384c2e\" data-element_type=\"column\">\n\t\t\t<div class=\"elementor-widget-wrap elementor-element-populated\">\n\t\t\t\t\t\t<div class=\"elementor-element elementor-element-16bb6aab elementor-widget elementor-widget-text-editor\" data-id=\"16bb6aab\" data-element_type=\"widget\" data-widget_type=\"text-editor.default\">\n\t\t\t\t<div class=\"elementor-widget-container\">\n\t\t\t\t\t\t\t<p><!-- wp:tadv\/classic-paragraph --><\/p>\n<p align=\"justify\"><br \/><img fetchpriority=\"high\" decoding=\"async\" class=\"size-medium wp-image-3772 alignright\" src=\"https:\/\/www.ufsm.br\/app\/uploads\/sites\/569\/2026\/08\/AII-PNG-1-1-768x525-1-300x205.jpg\" alt=\"\" width=\"300\" height=\"205\" srcset=\"https:\/\/www.ufsm.br\/app\/uploads\/sites\/569\/2026\/08\/AII-PNG-1-1-768x525-1-300x205.jpg 300w, https:\/\/www.ufsm.br\/app\/uploads\/sites\/569\/2026\/08\/AII-PNG-1-1-768x525-1.jpg 768w\" sizes=\"(max-width: 300px) 100vw, 300px\" \/>O Programa de P\u00f3s-Gradua\u00e7\u00e3o em Agroneg\u00f3cios (PPGAGR) da Universidade Federal de Santa Maria (UFSM), Campus Palmeira das Miss\u00f5es, ofertar\u00e1 tr\u00eas oportunidades de internacionaliza\u00e7\u00e3o por meio da primeira janela de 2027 do Programa CAPES-Global.edu \u2013 Rede Alian\u00e7a Inter-regional de Internacionaliza\u00e7\u00e3o (AII). As vagas est\u00e3o vinculadas ao Tema 3 \u2013 Produ\u00e7\u00e3o Sustent\u00e1vel em Sistemas Agroalimentares e contemplam diferentes modalidades de mobilidade e coopera\u00e7\u00e3o acad\u00eamica.<\/p>\n<p align=\"justify\">Ao todo, o PPGAGR disponibilizar\u00e1 uma vaga para Doutorado Sandu\u00edche no Exterior (DSE), uma vaga para Professor Visitante S\u00eanior no Exterior e uma vaga para Professor Visitante Estrangeiro. A iniciativa tem como objetivo ampliar as oportunidades de forma\u00e7\u00e3o e pesquisa, fortalecer a coopera\u00e7\u00e3o cient\u00edfica e acad\u00eamica e contribuir para o processo de internacionaliza\u00e7\u00e3o dos programas de p\u00f3s-gradua\u00e7\u00e3o participantes da Rede AII.<\/p>\n<p align=\"justify\"><img decoding=\"async\" class=\"alignleft wp-image-3773\" src=\"https:\/\/www.ufsm.br\/app\/uploads\/sites\/569\/2026\/08\/Mapa-768x768-1-300x300.jpg\" alt=\"\" width=\"245\" height=\"245\" srcset=\"https:\/\/www.ufsm.br\/app\/uploads\/sites\/569\/2026\/08\/Mapa-768x768-1-300x300.jpg 300w, https:\/\/www.ufsm.br\/app\/uploads\/sites\/569\/2026\/08\/Mapa-768x768-1-150x150.jpg 150w, https:\/\/www.ufsm.br\/app\/uploads\/sites\/569\/2026\/08\/Mapa-768x768-1.jpg 768w\" sizes=\"(max-width: 245px) 100vw, 245px\" \/><\/p>\n<p align=\"justify\">As inscri\u00e7\u00f5es ocorrem de 27 de agosto a 6 de setembro de 2026, conforme as orienta\u00e7\u00f5es estabelecidas no edital. A an\u00e1lise das candidaturas est\u00e1 prevista para o per\u00edodo de 14 a 18 de setembro, com divulga\u00e7\u00e3o do resultado preliminar at\u00e9 22 de setembro. O resultado final dever\u00e1 ser publicado at\u00e9 30 de setembro de 2026 na p\u00e1gina do CAPES-Global\/UFSM.<\/p>\n<p align=\"justify\">Na modalidade de Doutorado Sandu\u00edche no Exterior, o in\u00edcio da bolsa est\u00e1 previsto para os meses de mar\u00e7o e abril de 2027. Para as modalidades de Professor Visitante, os per\u00edodos e demais condi\u00e7\u00f5es seguem as especifica\u00e7\u00f5es estabelecidas nos respectivos editais. Os interessados devem consultar atentamente os requisitos, documentos necess\u00e1rios, crit\u00e9rios de sele\u00e7\u00e3o e demais orienta\u00e7\u00f5es referentes \u00e0 modalidade de interesse. <img decoding=\"async\" class=\" wp-image-3774 alignright\" src=\"https:\/\/www.ufsm.br\/app\/uploads\/sites\/569\/2026\/08\/Redes-CAPES-Global-preto-768x768-1-300x300.jpg\" alt=\"\" width=\"204\" height=\"204\" srcset=\"https:\/\/www.ufsm.br\/app\/uploads\/sites\/569\/2026\/08\/Redes-CAPES-Global-preto-768x768-1-300x300.jpg 300w, https:\/\/www.ufsm.br\/app\/uploads\/sites\/569\/2026\/08\/Redes-CAPES-Global-preto-768x768-1-150x150.jpg 150w, https:\/\/www.ufsm.br\/app\/uploads\/sites\/569\/2026\/08\/Redes-CAPES-Global-preto-768x768-1.jpg 768w\" sizes=\"(max-width: 204px) 100vw, 204px\" \/><\/p>\n<p align=\"justify\">A participa\u00e7\u00e3o do PPGAGR no Programa CAPES-Global.edu refor\u00e7a o compromisso do Programa com a internacionaliza\u00e7\u00e3o, a coopera\u00e7\u00e3o cient\u00edfica e a forma\u00e7\u00e3o acad\u00eamica em redes de pesquisa, ampliando as possibilidades de interc\u00e2mbio e colabora\u00e7\u00e3o com institui\u00e7\u00f5es e pesquisadores do Brasil e do exterior.<\/p>\n<p align=\"justify\">Confira o edital completo: <a href=\"https:\/\/www.ufsm.br\/cursos\/pos-graduacao\/palmeira-das-missoes\/ppgagr\/editais\/001-2026-4\">Edital \u00danico n\u00ba 001\/2026 \u2013 CAPES-Global.edu \/ Rede Alian\u00e7a Inter-regional de Internacionaliza\u00e7\u00e3o.<\/a><\/p>\n<p><!-- \/wp:tadv\/classic-paragraph --><\/p>\t\t\t\t\t\t<\/div>\n\t\t\t\t<\/div>\n\t\t\t\t\t<\/div>\n\t\t<\/div>\n\t\t\t\t\t<\/div>\n\t\t<\/section>\n\t\t\t\t<\/div>\n\t\t","protected":false},"excerpt":{"rendered":"<p>O Programa de P\u00f3s-Gradua\u00e7\u00e3o em Agroneg\u00f3cios (PPGAGR) da Universidade Federal de Santa Maria (UFSM), Campus Palmeira das Miss\u00f5es, ofertar\u00e1 tr\u00eas oportunidades de internacionaliza\u00e7\u00e3o por meio da primeira janela de 2027 do Programa CAPES-Global.edu \u2013 Rede Alian\u00e7a Inter-regional de Internacionaliza\u00e7\u00e3o (AII). As vagas est\u00e3o vinculadas ao Tema 3 \u2013 Produ\u00e7\u00e3o Sustent\u00e1vel em Sistemas Agroalimentares e contemplam [&hellip;]<\/p>\n","protected":false},"author":7681,"featured_media":0,"comment_status":"closed","ping_status":"closed","sticky":false,"template":"","format":"standard","meta":{"footnotes":""},"categories":[2],"tags":[],"class_list":["post-3771","post","type-post","status-publish","format-standard","hentry","category-noticias"],"acf":[],"_links":{"self":[{"href":"https:\/\/www.ufsm.br\/cursos\/pos-graduacao\/palmeira-das-missoes\/ppgagr\/wp-json\/wp\/v2\/posts\/3771","targetHints":{"allow":["GET"]}}],"collection":[{"href":"https:\/\/www.ufsm.br\/cursos\/pos-graduacao\/palmeira-das-missoes\/ppgagr\/wp-json\/wp\/v2\/posts"}],"about":[{"href":"https:\/\/www.ufsm.br\/cursos\/pos-graduacao\/palmeira-das-missoes\/ppgagr\/wp-json\/wp\/v2\/types\/post"}],"author":[{"embeddable":true,"href":"https:\/\/www.ufsm.br\/cursos\/pos-graduacao\/palmeira-das-missoes\/ppgagr\/wp-json\/wp\/v2\/users\/7681"}],"replies":[{"embeddable":true,"href":"https:\/\/www.ufsm.br\/cursos\/pos-graduacao\/palmeira-das-missoes\/ppgagr\/wp-json\/wp\/v2\/comments?post=3771"}],"version-history":[{"count":0,"href":"https:\/\/www.ufsm.br\/cursos\/pos-graduacao\/palmeira-das-missoes\/ppgagr\/wp-json\/wp\/v2\/posts\/3771\/revisions"}],"wp:attachment":[{"href":"https:\/\/www.ufsm.br\/cursos\/pos-graduacao\/palmeira-das-missoes\/ppgagr\/wp-json\/wp\/v2\/media?parent=3771"}],"wp:term":[{"taxonomy":"category","embeddable":true,"href":"https:\/\/www.ufsm.br\/cursos\/pos-graduacao\/palmeira-das-missoes\/ppgagr\/wp-json\/wp\/v2\/categories?post=3771"},{"taxonomy":"post_tag","embeddable":true,"href":"https:\/\/www.ufsm.br\/cursos\/pos-graduacao\/palmeira-das-missoes\/ppgagr\/wp-json\/wp\/v2\/tags?post=3771"}],"curies":[{"name":"wp","href":"https:\/\/api.w.org\/{rel}","templated":true}]}}