{"id":3775,"date":"2026-09-01T13:38:38","date_gmt":"2026-09-01T16:38:38","guid":{"rendered":"https:\/\/www.ufsm.br\/cursos\/pos-graduacao\/palmeira-das-missoes\/ppgagr\/?p=3775"},"modified":"2026-09-01T14:51:08","modified_gmt":"2026-09-01T17:51:08","slug":"professor-do-ppgagr-e-agraciado-com-premio-o-futuro-da-terra-por-sua-contribuicao-a-pesquisa-e-ao-agronegocio","status":"publish","type":"post","link":"https:\/\/www.ufsm.br\/cursos\/pos-graduacao\/palmeira-das-missoes\/ppgagr\/2026\/09\/01\/professor-do-ppgagr-e-agraciado-com-premio-o-futuro-da-terra-por-sua-contribuicao-a-pesquisa-e-ao-agronegocio","title":{"rendered":"Professor do PPGAGR \u00e9 agraciado com Pr\u00eamio O Futuro da Terra por sua contribui\u00e7\u00e3o \u00e0 pesquisa e ao agroneg\u00f3cio"},"content":{"rendered":"\t\t<div data-elementor-type=\"wp-post\" data-elementor-id=\"3775\" class=\"elementor elementor-3775\">\n\t\t\t\t\t\t<section class=\"elementor-section elementor-top-section elementor-element elementor-element-17b426ed elementor-section-boxed elementor-section-height-default elementor-section-height-default\" data-id=\"17b426ed\" data-element_type=\"section\">\n\t\t\t\t\t\t<div class=\"elementor-container elementor-column-gap-default\">\n\t\t\t\t\t<div class=\"elementor-column elementor-col-100 elementor-top-column elementor-element elementor-element-6e4c4abc\" data-id=\"6e4c4abc\" data-element_type=\"column\">\n\t\t\t<div class=\"elementor-widget-wrap elementor-element-populated\">\n\t\t\t\t\t\t<div class=\"elementor-element elementor-element-6de262a1 elementor-widget elementor-widget-text-editor\" data-id=\"6de262a1\" data-element_type=\"widget\" data-widget_type=\"text-editor.default\">\n\t\t\t\t<div class=\"elementor-widget-container\">\n\t\t\t\t\t\t\t<div class=\"wp-block-columns is-layout-flex wp-container-core-columns-is-layout-8f761849 wp-block-columns-is-layout-flex\"><div class=\"wp-block-column is-layout-flow wp-block-column-is-layout-flow\"><figure id=\"attachment_3776\" aria-describedby=\"caption-attachment-3776\" style=\"width: 415px\" class=\"wp-caption alignleft\"><img fetchpriority=\"high\" decoding=\"async\" class=\"wp-image-3776\" src=\"https:\/\/www.ufsm.br\/app\/uploads\/sites\/569\/2026\/09\/Ricardo-0.jpeg\" alt=\"\" width=\"415\" height=\"553\" srcset=\"https:\/\/www.ufsm.br\/app\/uploads\/sites\/569\/2026\/09\/Ricardo-0.jpeg 768w, https:\/\/www.ufsm.br\/app\/uploads\/sites\/569\/2026\/09\/Ricardo-0-225x300.jpeg 225w\" sizes=\"(max-width: 415px) 100vw, 415px\" \/><figcaption id=\"caption-attachment-3776\" class=\"wp-caption-text\">Ricardo Zambarda Vaz recebeu a premia\u00e7\u00e3o durante a Expointer 2026, em cerim\u00f4nia realizada no audit\u00f3rio da Farsul, no Parque de Exposi\u00e7\u00f5es Assis Brasil, em Esteio.<\/figcaption><\/figure><p>Na noite desta segunda-feira (31), o professor da Universidade Federal de Santa Maria \u2013 <i>Campus<\/i> Palmeira das Miss\u00f5es (UFSM-PM), <b>Ricardo Zambarda Vaz<\/b>, foi agraciado com o <b>Pr\u00eamio O Futuro da Terra<\/b>, na categoria Cadeias de Produ\u00e7\u00e3o e Alternativas Agr\u00edcolas. A cerim\u00f4nia de premia\u00e7\u00e3o foi realizada durante a Expointer 2026, no audit\u00f3rio da Federa\u00e7\u00e3o da Agricultura do Estado (Farsul), no Parque de Exposi\u00e7\u00f5es Assis Brasil, em Esteio.\u00a0<\/p><p>Esta \u00e9 a 30\u00aa edi\u00e7\u00e3o do Pr\u00eamio, criado a partir de uma parceria entre o Jornal do Com\u00e9rcio e a Funda\u00e7\u00e3o de Amparo \u00e0 Pesquisa do Estado (Fapergs). O objetivo \u00e9 reconhecer iniciativas e trajet\u00f3rias que unem inova\u00e7\u00e3o tecnol\u00f3gica, desenvolvimento econ\u00f4mico e responsabilidade ambiental no setor prim\u00e1rio, buscando conciliar a escala produtiva com a preserva\u00e7\u00e3o dos recursos naturais.\u00a0<\/p><p>O evento reuniu autoridades, empreendedores e lideran\u00e7as rurais em uma noite de reconhecimento a trajet\u00f3rias fundamentais para o agroneg\u00f3cio no estado, destacando iniciativas que aproximam universidade, setor produtivo e sociedade. A premia\u00e7\u00e3o tamb\u00e9m refor\u00e7ou a import\u00e2ncia da pesquisa e da inova\u00e7\u00e3o para o desenvolvimento de uma produ\u00e7\u00e3o agropecu\u00e1ria mais eficiente, sustent\u00e1vel e conectada \u00e0s demandas do setor.<\/p><p>Para o professor Ricardo, o reconhecimento representa uma mistura de surpresa, satisfa\u00e7\u00e3o e, principalmente, gratid\u00e3o. Para ele, embora o pr\u00eamio seja individual, a conquista \u00e9 resultado de um trabalho coletivo, que envolve grupos de pesquisa e colegas que contribu\u00edram ao longo de sua trajet\u00f3ria. \u201cDivido essa distin\u00e7\u00e3o com os grupos de pesquisa e colegas, ningu\u00e9m faz isso sozinho\u201d, afirma. Entre os aspectos que contribu\u00edram para a indica\u00e7\u00e3o ao Pr\u00eamio <i>O Futuro da Terra<\/i>, ele destaca uma carreira dedicada \u00e0 pesquisa, com foco no bem-estar animal, na produtividade e na efici\u00eancia dos sistemas de produ\u00e7\u00e3o. Segundo o professor, os estudos desenvolvidos buscam dar visibilidade cient\u00edfica a temas que antes eram considerados detalhes, al\u00e9m de propor metodologias simples e de baixo custo, aplic\u00e1veis a diferentes sistemas produtivos. \u201cN\u00e3o \u00e9 uma produ\u00e7\u00e3o \u00fanica que justifica essa indica\u00e7\u00e3o, mas uma trajet\u00f3ria que conectou ci\u00eancia e campo com um objetivo comum: fazer a cadeia produtiva ser mais eficiente, \u00e9tica e sustent\u00e1vel\u201d, ressalta.\u00a0<\/p><\/div><\/div><p>Ainda sobre o trabalho em equipe, Ricardo destaca a import\u00e2ncia de construir refer\u00eancias e, tamb\u00e9m, de ser refer\u00eancia na trajet\u00f3ria de quem busca seguir o mesmo caminho. \u201cQue eu possa ser para algu\u00e9m o mesmo que os meus colegas da PROGEPEC e os meus orientadores foram, e ainda s\u00e3o, para mim\u201d, afirma.\u00a0<\/p><p>Ao longo de suas tr\u00eas d\u00e9cadas de hist\u00f3ria, a premia\u00e7\u00e3o reconhece cientistas, empreendedores, institui\u00e7\u00f5es e startups que contribuem para o desenvolvimento do agroneg\u00f3cio, unindo modernidade, competitividade e sustentabilidade. Em um cen\u00e1rio de clima inst\u00e1vel e de um mercado cada vez mais exigente, a pesquisa assume papel fundamental para tornar a pecu\u00e1ria mais resiliente. Nesse contexto, o professor destaca a necessidade de antecipar impactos e oferecer alternativas diante das mudan\u00e7as clim\u00e1ticas, traduzir as exig\u00eancias do mercado em protocolos aplic\u00e1veis no campo e buscar efici\u00eancia como estrat\u00e9gia de adapta\u00e7\u00e3o. \u201cO nosso papel \u00e9 pegar o problema do produtor, transform\u00e1-lo em pergunta cient\u00edfica e devolver uma decis\u00e3o segura\u201d, afirma. Para ele, quando esse processo acontece, a pesquisa ultrapassa os limites da universidade e se transforma em uma ferramenta efetiva para o trabalho dos produtores.\u00a0<\/p><p>Os vencedores foram escolhidos por um colegiado formado por integrantes do Comit\u00ea de Assessoramento Cient\u00edfico e Tecnol\u00f3gico da \u00c1rea de Ci\u00eancias Agr\u00e1rias da Fapergs, que avalia projetos e curr\u00edculos com base em m\u00e9rito cient\u00edfico e impacto social. Nesta edi\u00e7\u00e3o, foram 14 contemplados em seis categorias: Pr\u00eamio Especial; Cadeias de Produ\u00e7\u00e3o e Alternativas Agr\u00edcolas; Inova\u00e7\u00e3o e Tecnologia Rural; Preserva\u00e7\u00e3o Ambiental; Startup do Agroneg\u00f3cio; e Reconhecimento 30 anos do Pr\u00eamio.\u00a0<\/p><p><b>Confira a trajet\u00f3ria acad\u00eamica e profissional de Ricardo Zambarda Vaz<\/b><\/p><p>A trajet\u00f3ria do professor na \u00e1rea de Zootecnia e produ\u00e7\u00e3o de ruminantes come\u00e7ou ainda na forma\u00e7\u00e3o t\u00e9cnica, entre 1984 e 1986, no Col\u00e9gio Agr\u00edcola General Vargas, em S\u00e3o Vicente do Sul, atualmente vinculado ao Instituto Federal Farroupilha (IFFar). Em 1990, ingressou no curso de Zootecnia da Universidade Federal de Santa Maria (UFSM), concluindo a gradua\u00e7\u00e3o em 1995. Na sequ\u00eancia, realizou est\u00e1gio de aperfei\u00e7oamento em bovinocultura de corte pelo CNPq, entre 1995 e 1996, e cursou mestrado na UFSM, conclu\u00eddo em 1998. Em 2004, ingressou no doutorado em Bovinocultura de Corte na Universidade Federal do Rio Grande do Sul (UFRGS), defendendo a tese em 2008. Durante sua forma\u00e7\u00e3o acad\u00eamica, foi bolsista de Inicia\u00e7\u00e3o Cient\u00edfica, Aperfei\u00e7oamento, Mestrado e Doutorado, com bolsas concedidas pelo CNPq.<\/p><p>A experi\u00eancia profissional tamb\u00e9m teve in\u00edcio antes da carreira docente. Entre 1987 e 1989, atuou como professor municipal em Santiago e como t\u00e9cnico agr\u00edcola em propriedade rural. Em 1998, ap\u00f3s concluir o mestrado, foi um dos s\u00f3cios fundadores da PROGEPEC Consultores Associados Ltda., empresa na qual atuou at\u00e9 2012, prestando assist\u00eancia a produtores, empresas de financiamento e \u00e0 ind\u00fastria frigor\u00edfica. Em 2009, iniciou a carreira como docente na Universidade Regional Integrada do Alto Uruguai e das Miss\u00f5es (URI), Campus de Santiago, onde permaneceu at\u00e9 2012. Naquele ano, ingressou, por concurso p\u00fablico, na Universidade Federal de Pelotas (UFPel), onde atuou at\u00e9 2018, quando passou a integrar o quadro docente da UFSM \u2013 Campus Palmeira das Miss\u00f5es.<\/p><p>Atualmente, \u00e9 professor Associado 4 do Departamento de Zootecnia e Ci\u00eancias Biol\u00f3gicas da UFSM e docente permanente dos Programas de P\u00f3s-Gradua\u00e7\u00e3o em Zootecnia, em Santa Maria, e em Agroneg\u00f3cios, em Palmeira das Miss\u00f5es. Ao longo da carreira, sua atua\u00e7\u00e3o tem se concentrado na gest\u00e3o, produ\u00e7\u00e3o e an\u00e1lise sist\u00eamica para a tomada de decis\u00e3o nas cadeias produtivas de ruminantes, al\u00e9m de temas relacionados \u00e0 gest\u00e3o da ind\u00fastria frigor\u00edfica, agroneg\u00f3cios e cadeias produtivas de carnes e pescado.<\/p><p>Na pesquisa, o professor acumula 175 artigos publicados em peri\u00f3dicos, como autor principal ou coautor, al\u00e9m de 23 cap\u00edtulos de livros e 264 trabalhos publicados em anais de congressos. Na forma\u00e7\u00e3o de novos profissionais e pesquisadores, j\u00e1 concluiu, como orientador ou coorientador, sete orienta\u00e7\u00f5es de doutorado, 23 de mestrado, 44 trabalhos de conclus\u00e3o de curso e 27 est\u00e1gios curriculares, al\u00e9m de 30 inicia\u00e7\u00f5es cient\u00edficas, todas com bolsas financiadas por \u00f3rg\u00e3os de pesquisa.<\/p><p>Fonte: Divis\u00e3o de Divulga\u00e7\u00e3o Institucional UFSM-PM, com informa\u00e7\u00f5es do Jornal do Com\u00e9rcio<\/p><p><!-- \/wp:tadv\/classic-paragraph --><\/p>\t\t\t\t\t\t<\/div>\n\t\t\t\t<\/div>\n\t\t\t\t\t<\/div>\n\t\t<\/div>\n\t\t\t\t\t<\/div>\n\t\t<\/section>\n\t\t\t\t<section class=\"elementor-section elementor-top-section elementor-element elementor-element-cc59e0d elementor-section-boxed elementor-section-height-default elementor-section-height-default\" data-id=\"cc59e0d\" data-element_type=\"section\">\n\t\t\t\t\t\t<div class=\"elementor-container elementor-column-gap-default\">\n\t\t\t\t\t<div class=\"elementor-column elementor-col-50 elementor-top-column elementor-element elementor-element-3a94849\" data-id=\"3a94849\" data-element_type=\"column\">\n\t\t\t<div class=\"elementor-widget-wrap elementor-element-populated\">\n\t\t\t\t\t\t<div class=\"elementor-element elementor-element-5590e4a elementor-widget elementor-widget-image\" data-id=\"5590e4a\" data-element_type=\"widget\" data-widget_type=\"image.default\">\n\t\t\t\t<div class=\"elementor-widget-container\">\n\t\t\t\t\t\t\t\t\t\t<figure class=\"wp-caption\">\n\t\t\t\t\t\t\t\t\t\t<img decoding=\"async\" width=\"768\" height=\"1024\" src=\"https:\/\/www.ufsm.br\/app\/uploads\/sites\/569\/2026\/09\/Ricardo-1-1.jpeg\" class=\"attachment-large size-large wp-image-3778\" alt=\"\" srcset=\"https:\/\/www.ufsm.br\/app\/uploads\/sites\/569\/2026\/09\/Ricardo-1-1.jpeg 768w, https:\/\/www.ufsm.br\/app\/uploads\/sites\/569\/2026\/09\/Ricardo-1-1-225x300.jpeg 225w\" sizes=\"(max-width: 768px) 100vw, 768px\" \/>\t\t\t\t\t\t\t\t\t\t\t<figcaption class=\"widget-image-caption wp-caption-text\">Pr\u00eamio O Futuro da Terra entregue ao homenageado<\/figcaption>\n\t\t\t\t\t\t\t\t\t\t<\/figure>\n\t\t\t\t\t\t\t<\/div>\n\t\t\t\t<\/div>\n\t\t\t\t\t<\/div>\n\t\t<\/div>\n\t\t\t\t<div class=\"elementor-column elementor-col-50 elementor-top-column elementor-element elementor-element-ef79a76\" data-id=\"ef79a76\" data-element_type=\"column\">\n\t\t\t<div class=\"elementor-widget-wrap elementor-element-populated\">\n\t\t\t\t\t\t<div class=\"elementor-element elementor-element-7634a10 elementor-widget elementor-widget-image\" data-id=\"7634a10\" data-element_type=\"widget\" data-widget_type=\"image.default\">\n\t\t\t\t<div class=\"elementor-widget-container\">\n\t\t\t\t\t\t\t\t\t\t<figure class=\"wp-caption\">\n\t\t\t\t\t\t\t\t\t\t<img decoding=\"async\" width=\"768\" height=\"1024\" src=\"https:\/\/www.ufsm.br\/app\/uploads\/sites\/569\/2026\/09\/Ricardo-2.jpeg\" class=\"attachment-large size-large wp-image-3779\" alt=\"\" srcset=\"https:\/\/www.ufsm.br\/app\/uploads\/sites\/569\/2026\/09\/Ricardo-2.jpeg 768w, https:\/\/www.ufsm.br\/app\/uploads\/sites\/569\/2026\/09\/Ricardo-2-225x300.jpeg 225w\" sizes=\"(max-width: 768px) 100vw, 768px\" \/>\t\t\t\t\t\t\t\t\t\t\t<figcaption class=\"widget-image-caption wp-caption-text\">Adriano Lago, Diretor da UFSM-PM, ao lado de Ricardo Zambarda Vaz<\/figcaption>\n\t\t\t\t\t\t\t\t\t\t<\/figure>\n\t\t\t\t\t\t\t<\/div>\n\t\t\t\t<\/div>\n\t\t\t\t\t<\/div>\n\t\t<\/div>\n\t\t\t\t\t<\/div>\n\t\t<\/section>\n\t\t\t\t<section class=\"elementor-section elementor-top-section elementor-element elementor-element-6033771 elementor-section-boxed elementor-section-height-default elementor-section-height-default\" data-id=\"6033771\" data-element_type=\"section\">\n\t\t\t\t\t\t<div class=\"elementor-container elementor-column-gap-default\">\n\t\t\t\t\t<div class=\"elementor-column elementor-col-50 elementor-top-column elementor-element elementor-element-be81f1f\" data-id=\"be81f1f\" data-element_type=\"column\">\n\t\t\t<div class=\"elementor-widget-wrap elementor-element-populated\">\n\t\t\t\t\t\t<div class=\"elementor-element elementor-element-afabe8a elementor-widget elementor-widget-image\" data-id=\"afabe8a\" data-element_type=\"widget\" data-widget_type=\"image.default\">\n\t\t\t\t<div class=\"elementor-widget-container\">\n\t\t\t\t\t\t\t\t\t\t<figure class=\"wp-caption\">\n\t\t\t\t\t\t\t\t\t\t<img loading=\"lazy\" decoding=\"async\" width=\"768\" height=\"576\" src=\"https:\/\/www.ufsm.br\/app\/uploads\/sites\/569\/2026\/09\/Ricardo-3.jpeg\" class=\"attachment-large size-large wp-image-3780\" alt=\"\" srcset=\"https:\/\/www.ufsm.br\/app\/uploads\/sites\/569\/2026\/09\/Ricardo-3.jpeg 768w, https:\/\/www.ufsm.br\/app\/uploads\/sites\/569\/2026\/09\/Ricardo-3-300x225.jpeg 300w\" sizes=\"(max-width: 768px) 100vw, 768px\" \/>\t\t\t\t\t\t\t\t\t\t\t<figcaption class=\"widget-image-caption wp-caption-text\">Professores da UFSM agraciados com o Pr\u00eamio: Renato Zanella, Ricardo Zambarda Vaz, Tatiana Emanuelli e Ant\u00f4nio Luis Santi<\/figcaption>\n\t\t\t\t\t\t\t\t\t\t<\/figure>\n\t\t\t\t\t\t\t<\/div>\n\t\t\t\t<\/div>\n\t\t\t\t\t<\/div>\n\t\t<\/div>\n\t\t\t\t<div class=\"elementor-column elementor-col-50 elementor-top-column elementor-element elementor-element-0bc5790\" data-id=\"0bc5790\" data-element_type=\"column\">\n\t\t\t<div class=\"elementor-widget-wrap elementor-element-populated\">\n\t\t\t\t\t\t<div class=\"elementor-element elementor-element-f123ba0 elementor-widget elementor-widget-image\" data-id=\"f123ba0\" data-element_type=\"widget\" data-widget_type=\"image.default\">\n\t\t\t\t<div class=\"elementor-widget-container\">\n\t\t\t\t\t\t\t\t\t\t<figure class=\"wp-caption\">\n\t\t\t\t\t\t\t\t\t\t<img loading=\"lazy\" decoding=\"async\" width=\"768\" height=\"576\" src=\"https:\/\/www.ufsm.br\/app\/uploads\/sites\/569\/2026\/09\/Ricardo-4.jpeg\" class=\"attachment-large size-large wp-image-3781\" alt=\"\" srcset=\"https:\/\/www.ufsm.br\/app\/uploads\/sites\/569\/2026\/09\/Ricardo-4.jpeg 768w, https:\/\/www.ufsm.br\/app\/uploads\/sites\/569\/2026\/09\/Ricardo-4-300x225.jpeg 300w\" sizes=\"(max-width: 768px) 100vw, 768px\" \/>\t\t\t\t\t\t\t\t\t\t\t<figcaption class=\"widget-image-caption wp-caption-text\">Premiados da noite durante a cerim\u00f4nia<\/figcaption>\n\t\t\t\t\t\t\t\t\t\t<\/figure>\n\t\t\t\t\t\t\t<\/div>\n\t\t\t\t<\/div>\n\t\t\t\t\t<\/div>\n\t\t<\/div>\n\t\t\t\t\t<\/div>\n\t\t<\/section>\n\t\t\t\t<\/div>\n\t\t","protected":false},"excerpt":{"rendered":"<p>Na noite desta segunda-feira (31), o professor da Universidade Federal de Santa Maria \u2013 Campus Palmeira das Miss\u00f5es (UFSM-PM), Ricardo Zambarda Vaz, foi agraciado com o Pr\u00eamio O Futuro da Terra, na categoria Cadeias de Produ\u00e7\u00e3o e Alternativas Agr\u00edcolas. A cerim\u00f4nia de premia\u00e7\u00e3o foi realizada durante a Expointer 2026, no audit\u00f3rio da Federa\u00e7\u00e3o da Agricultura [&hellip;]<\/p>\n","protected":false},"author":7681,"featured_media":0,"comment_status":"closed","ping_status":"closed","sticky":false,"template":"","format":"standard","meta":{"footnotes":""},"categories":[2],"tags":[],"class_list":["post-3775","post","type-post","status-publish","format-standard","hentry","category-noticias"],"acf":[],"_links":{"self":[{"href":"https:\/\/www.ufsm.br\/cursos\/pos-graduacao\/palmeira-das-missoes\/ppgagr\/wp-json\/wp\/v2\/posts\/3775","targetHints":{"allow":["GET"]}}],"collection":[{"href":"https:\/\/www.ufsm.br\/cursos\/pos-graduacao\/palmeira-das-missoes\/ppgagr\/wp-json\/wp\/v2\/posts"}],"about":[{"href":"https:\/\/www.ufsm.br\/cursos\/pos-graduacao\/palmeira-das-missoes\/ppgagr\/wp-json\/wp\/v2\/types\/post"}],"author":[{"embeddable":true,"href":"https:\/\/www.ufsm.br\/cursos\/pos-graduacao\/palmeira-das-missoes\/ppgagr\/wp-json\/wp\/v2\/users\/7681"}],"replies":[{"embeddable":true,"href":"https:\/\/www.ufsm.br\/cursos\/pos-graduacao\/palmeira-das-missoes\/ppgagr\/wp-json\/wp\/v2\/comments?post=3775"}],"version-history":[{"count":0,"href":"https:\/\/www.ufsm.br\/cursos\/pos-graduacao\/palmeira-das-missoes\/ppgagr\/wp-json\/wp\/v2\/posts\/3775\/revisions"}],"wp:attachment":[{"href":"https:\/\/www.ufsm.br\/cursos\/pos-graduacao\/palmeira-das-missoes\/ppgagr\/wp-json\/wp\/v2\/media?parent=3775"}],"wp:term":[{"taxonomy":"category","embeddable":true,"href":"https:\/\/www.ufsm.br\/cursos\/pos-graduacao\/palmeira-das-missoes\/ppgagr\/wp-json\/wp\/v2\/categories?post=3775"},{"taxonomy":"post_tag","embeddable":true,"href":"https:\/\/www.ufsm.br\/cursos\/pos-graduacao\/palmeira-das-missoes\/ppgagr\/wp-json\/wp\/v2\/tags?post=3775"}],"curies":[{"name":"wp","href":"https:\/\/api.w.org\/{rel}","templated":true}]}}